{"id":4846,"date":"2026-04-18T14:49:07","date_gmt":"2026-04-18T05:49:07","guid":{"rendered":"https:\/\/mcae.gov.tl\/?p=4846"},"modified":"2026-04-23T14:50:15","modified_gmt":"2026-04-23T05:50:15","slug":"disseminacao-de-informacao-sobre-a-omc-aos-estudantes-da-unpaz","status":"publish","type":"post","link":"https:\/\/mcae.gov.tl\/pt-pt\/disseminacao-de-informacao-sobre-a-omc-aos-estudantes-da-unpaz\/","title":{"rendered":"Dissemina\u00e7\u00e3o de Informa\u00e7\u00e3o sobre a OMC aos Estudantes da UNPAZ"},"content":{"rendered":"\n<p>18 Abril 2026_________<\/p>\n\n\n\n<p>O Gabinete do Vice-Primeiro-Ministro (V-PM) e Ministro Coordenador para os Assuntos Econ\u00f3micos, atrav\u00e9s da Unidade de Estrat\u00e9gia para a Integra\u00e7\u00e3o Econ\u00f3mica, realizou um semin\u00e1rio acad\u00e9mico para os estudantes da Universidade Nacional da Paz (UNPAZ), da Faculdade de Ci\u00eancias Sociais, sob o tema: \u201cTimor-Leste como Membro da OMC: Implica\u00e7\u00f5es Econ\u00f3micas e Institucionais.\u201d<\/p>\n\n\n\n<p>O Coordenador-Geral do MCAE, Jorge Martins, durante a sua interven\u00e7\u00e3o, expressou apre\u00e7o pela participa\u00e7\u00e3o ativa dos estudantes e acad\u00e9micos. Observou que ainda existe uma lacuna de informa\u00e7\u00e3o relativamente ao papel e ao progresso do processo de ades\u00e3o \u00e0 OMC ao n\u00edvel de base, incluindo nas comunidades acad\u00e9micas.<br>\u201cUma li\u00e7\u00e3o retirada das discuss\u00f5es de hoje \u00e9 que a dissemina\u00e7\u00e3o de informa\u00e7\u00e3o sobre a OMC e as estruturas governamentais ainda n\u00e3o alcan\u00e7ou plenamente a base. O MCAE, sob a lideran\u00e7a de Sua Excel\u00eancia o Vice-Primeiro-Ministro Francisco Kalbuadi Lay, tem um papel importante na promo\u00e7\u00e3o de uma forte coordena\u00e7\u00e3o entre o Governo, a sociedade civil e a academia,\u201d afirmou Martins.<\/p>\n\n\n\n<p>Para al\u00e9m de abordar as estruturas de governa\u00e7\u00e3o, o Coordenador-Geral explicou que, desde a tomada de posse do IX Governo Constitucional, a 1 de julho de 2023, avalia\u00e7\u00f5es internas identificaram v\u00e1rios desafios que requerem melhorias sistem\u00e1ticas. A ades\u00e3o \u00e0 OMC continua a ser uma prioridade urgente e estrat\u00e9gica, refletindo um compromisso pol\u00edtico fundamental assumido pelo Estado.<\/p>\n\n\n\n<p>Sublinhou ainda que, no contexto da integra\u00e7\u00e3o econ\u00f3mica, o setor produtivo deve cumprir padr\u00f5es tanto de qualidade como de quantidade. Enfatizou: \u201cA produ\u00e7\u00e3o n\u00e3o se limita \u00e0 agricultura ou \u00e0 ind\u00fastria; mais fundamentalmente, envolve o desenvolvimento de recursos humanos de elevada qualidade.\u201d<br>O Decano da Faculdade de Ci\u00eancias Sociais da UNPAZ, Fernando Gusm\u00e3o, afirmou que a atividade serve como uma ponte entre o conhecimento te\u00f3rico adquirido pelos estudantes do Departamento de Rela\u00e7\u00f5es Internacionais e as realidades pr\u00e1ticas do desenvolvimento nacional.<\/p>\n\n\n\n<p>O MCAE mant\u00e9m-se empenhado em expandir os esfor\u00e7os de dissemina\u00e7\u00e3o ao n\u00edvel de base, assegurando que as pol\u00edticas econ\u00f3micas\u2014particularmente as relacionadas com a OMC\u2014produzam benef\u00edcios tang\u00edveis para o povo de Timor-Leste.<\/p>\n","protected":false},"excerpt":{"rendered":"<p>18 Abril 2026_________ O Gabinete do Vice-Primeiro-Ministro (V-PM) e Ministro Coordenador para os Assuntos Econ\u00f3micos, atrav\u00e9s da Unidade de Estrat\u00e9gia&#8230;<\/p>\n","protected":false},"author":3,"featured_media":4841,"comment_status":"closed","ping_status":"open","sticky":false,"template":"","format":"standard","meta":{"om_disable_all_campaigns":false,"_monsterinsights_skip_tracking":false,"_monsterinsights_sitenote_active":false,"_monsterinsights_sitenote_note":"","_monsterinsights_sitenote_category":0,"ultp_fs_post_author":"","ultp_fs_post_email":"","ultp_fs_post_author_url":"","footnotes":""},"categories":[124,120],"tags":[],"class_list":["post-4846","post","type-post","status-publish","format-standard","has-post-thumbnail","hentry","category-nacional","category-noticias"],"_links":{"self":[{"href":"https:\/\/mcae.gov.tl\/pt-pt\/wp-json\/wp\/v2\/posts\/4846","targetHints":{"allow":["GET"]}}],"collection":[{"href":"https:\/\/mcae.gov.tl\/pt-pt\/wp-json\/wp\/v2\/posts"}],"about":[{"href":"https:\/\/mcae.gov.tl\/pt-pt\/wp-json\/wp\/v2\/types\/post"}],"author":[{"embeddable":true,"href":"https:\/\/mcae.gov.tl\/pt-pt\/wp-json\/wp\/v2\/users\/3"}],"replies":[{"embeddable":true,"href":"https:\/\/mcae.gov.tl\/pt-pt\/wp-json\/wp\/v2\/comments?post=4846"}],"version-history":[{"count":1,"href":"https:\/\/mcae.gov.tl\/pt-pt\/wp-json\/wp\/v2\/posts\/4846\/revisions"}],"predecessor-version":[{"id":4847,"href":"https:\/\/mcae.gov.tl\/pt-pt\/wp-json\/wp\/v2\/posts\/4846\/revisions\/4847"}],"wp:featuredmedia":[{"embeddable":true,"href":"https:\/\/mcae.gov.tl\/pt-pt\/wp-json\/wp\/v2\/media\/4841"}],"wp:attachment":[{"href":"https:\/\/mcae.gov.tl\/pt-pt\/wp-json\/wp\/v2\/media?parent=4846"}],"wp:term":[{"taxonomy":"category","embeddable":true,"href":"https:\/\/mcae.gov.tl\/pt-pt\/wp-json\/wp\/v2\/categories?post=4846"},{"taxonomy":"post_tag","embeddable":true,"href":"https:\/\/mcae.gov.tl\/pt-pt\/wp-json\/wp\/v2\/tags?post=4846"}],"curies":[{"name":"wp","href":"https:\/\/api.w.org\/{rel}","templated":true}]}}