{"id":4385,"date":"2026-01-22T09:58:31","date_gmt":"2026-01-22T00:58:31","guid":{"rendered":"https:\/\/mcae.gov.tl\/?p=4385"},"modified":"2026-01-28T10:00:13","modified_gmt":"2026-01-28T01:00:13","slug":"vice-primeiro-ministro-lanca-a-primeira-pedra-do-centro-de-incubacao-de-negocios","status":"publish","type":"post","link":"https:\/\/mcae.gov.tl\/pt-pt\/vice-primeiro-ministro-lanca-a-primeira-pedra-do-centro-de-incubacao-de-negocios\/","title":{"rendered":"Vice-Primeiro-Ministro Lan\u00e7a a Primeira Pedra do Centro de Incuba\u00e7\u00e3o de Neg\u00f3cios"},"content":{"rendered":"\n<p>D\u00edli, 22 de janeiro de 2026<\/p>\n\n\n\n<p><br>O Vice-Primeiro-Ministro e Ministro Coordenador dos Assuntos Econ\u00f3micos, bem como Ministro do Turismo e Ambiente, Francisco Kalbuadi Lay, lan\u00e7ou na quinta-feira a primeira pedra para a constru\u00e7\u00e3o do Centro de Incuba\u00e7\u00e3o de Neg\u00f3cios, localizado em Matadoru, Vila Verde, Vera Cruz, D\u00edli.<\/p>\n\n\n\n<p><br>O Centro de Incuba\u00e7\u00e3o de Neg\u00f3cios tem como objetivo apoiar novas empresas, reduzindo os riscos enfrentados nas fases iniciais, e transformar boas ideias em neg\u00f3cios sustent\u00e1veis e bem-sucedidos.<\/p>\n\n\n\n<p><br>No seu discurso, o Vice-Primeiro-Ministro destacou que o centro reflete a vis\u00e3o clara de Timor-Leste para a constru\u00e7\u00e3o de uma economia diversificada e sustent\u00e1vel, reduzindo a depend\u00eancia do petr\u00f3leo e g\u00e1s, criando empregos e fortalecendo as micro, pequenas e m\u00e9dias empresas (MPME). O centro dar\u00e1 aten\u00e7\u00e3o especial \u00e0s mulheres, jovens e empreendedores rurais, atrav\u00e9s de orienta\u00e7\u00e3o, capacita\u00e7\u00e3o e acesso ao financiamento.<br>\u201cEste centro n\u00e3o \u00e9 apenas um edif\u00edcio, mas uma base para oportunidades, emprego e crescimento econ\u00f3mico\u201d, afirmou.<\/p>\n\n\n\n<p><br>O projeto de constru\u00e7\u00e3o tem um valor de US$ 3.155.389,40, ao abrigo do contrato Tender\/009\/MCI-2025, assinado em 13 de dezembro de 2025, com uma dura\u00e7\u00e3o de 365 dias.<br>A cerim\u00f3nia contou com a presen\u00e7a de membros do Governo, empres\u00e1rios, autoridades locais e convidados.<\/p>\n","protected":false},"excerpt":{"rendered":"<p>D\u00edli, 22 de janeiro de 2026 O Vice-Primeiro-Ministro e Ministro Coordenador dos Assuntos Econ\u00f3micos, bem como Ministro do Turismo e&#8230;<\/p>\n","protected":false},"author":3,"featured_media":4383,"comment_status":"closed","ping_status":"open","sticky":false,"template":"","format":"standard","meta":{"om_disable_all_campaigns":false,"_monsterinsights_skip_tracking":false,"_monsterinsights_sitenote_active":false,"_monsterinsights_sitenote_note":"","_monsterinsights_sitenote_category":0,"ultp_fs_post_author":"","ultp_fs_post_email":"","ultp_fs_post_author_url":"","footnotes":""},"categories":[124,120],"tags":[],"class_list":["post-4385","post","type-post","status-publish","format-standard","has-post-thumbnail","hentry","category-nacional","category-noticias"],"_links":{"self":[{"href":"https:\/\/mcae.gov.tl\/pt-pt\/wp-json\/wp\/v2\/posts\/4385","targetHints":{"allow":["GET"]}}],"collection":[{"href":"https:\/\/mcae.gov.tl\/pt-pt\/wp-json\/wp\/v2\/posts"}],"about":[{"href":"https:\/\/mcae.gov.tl\/pt-pt\/wp-json\/wp\/v2\/types\/post"}],"author":[{"embeddable":true,"href":"https:\/\/mcae.gov.tl\/pt-pt\/wp-json\/wp\/v2\/users\/3"}],"replies":[{"embeddable":true,"href":"https:\/\/mcae.gov.tl\/pt-pt\/wp-json\/wp\/v2\/comments?post=4385"}],"version-history":[{"count":1,"href":"https:\/\/mcae.gov.tl\/pt-pt\/wp-json\/wp\/v2\/posts\/4385\/revisions"}],"predecessor-version":[{"id":4386,"href":"https:\/\/mcae.gov.tl\/pt-pt\/wp-json\/wp\/v2\/posts\/4385\/revisions\/4386"}],"wp:featuredmedia":[{"embeddable":true,"href":"https:\/\/mcae.gov.tl\/pt-pt\/wp-json\/wp\/v2\/media\/4383"}],"wp:attachment":[{"href":"https:\/\/mcae.gov.tl\/pt-pt\/wp-json\/wp\/v2\/media?parent=4385"}],"wp:term":[{"taxonomy":"category","embeddable":true,"href":"https:\/\/mcae.gov.tl\/pt-pt\/wp-json\/wp\/v2\/categories?post=4385"},{"taxonomy":"post_tag","embeddable":true,"href":"https:\/\/mcae.gov.tl\/pt-pt\/wp-json\/wp\/v2\/tags?post=4385"}],"curies":[{"name":"wp","href":"https:\/\/api.w.org\/{rel}","templated":true}]}}