{"id":4357,"date":"2026-01-16T14:46:17","date_gmt":"2026-01-16T05:46:17","guid":{"rendered":"https:\/\/mcae.gov.tl\/?p=4357"},"modified":"2026-01-19T14:47:43","modified_gmt":"2026-01-19T05:47:43","slug":"vice-primeiro-ministro-lanca-construcao-do-novo-edificio-do-indmo","status":"publish","type":"post","link":"https:\/\/mcae.gov.tl\/pt-pt\/vice-primeiro-ministro-lanca-construcao-do-novo-edificio-do-indmo\/","title":{"rendered":"Vice-Primeiro-Ministro Lan\u00e7a Constru\u00e7\u00e3o do Novo Edif\u00edcio do INDMO"},"content":{"rendered":"\n<p>T\u00edbar, Liqui\u00e7\u00e1 \u2013 16 de janeiro de 2026<\/p>\n\n\n\n<p><br>O Vice-Primeiro-Ministro e Ministro Coordenador para os Assuntos Econ\u00f3micos, Ministro do Turismo e do Ambiente, Francisco Kalbuadi Lay, em conjunto com a Diretora do Instituto Nacional de Desenvolvimento da M\u00e3o-de-Obra (INDMO), Isabel Fernandes de Lima, e representantes de v\u00e1rias institui\u00e7\u00f5es relevantes, lan\u00e7ou oficialmente o processo de constru\u00e7\u00e3o do novo edif\u00edcio do INDMO, em T\u00edbar, munic\u00edpio de Liqui\u00e7\u00e1, na sexta-feira, 16 de janeiro de 2026.<br>No seu discurso, o Vice-Primeiro-Ministro destacou que o lan\u00e7amento da constru\u00e7\u00e3o do novo edif\u00edcio do INDMO representa um marco de grande import\u00e2ncia, uma vez que, ao longo de 17 anos, o INDMO tem desempenhado as suas fun\u00e7\u00f5es sem dispor de um edif\u00edcio pr\u00f3prio. Este percurso prolongado, segundo referiu, demonstra a resili\u00eancia, a paci\u00eancia e a perseveran\u00e7a da institui\u00e7\u00e3o e do Estado de Timor-Leste, apesar dos in\u00fameros desafios enfrentados.<\/p>\n\n\n\n<p><br>\u201cA constru\u00e7\u00e3o deste novo edif\u00edcio constitui uma prioridade do Governo. Demonstra claramente o nosso compromisso com a moderniza\u00e7\u00e3o das institui\u00e7\u00f5es p\u00fablicas, a melhoria da administra\u00e7\u00e3o e o refor\u00e7o do desenvolvimento da for\u00e7a de trabalho nacional\u201d, afirmou o Vice-Primeiro-Ministro durante a cerim\u00f3nia.<br>O Vice-Primeiro-Ministro sublinhou ainda que o novo edif\u00edcio permitir\u00e1 ao INDMO operar de forma mais eficaz, com melhores espa\u00e7os de trabalho, maior coordena\u00e7\u00e3o entre servi\u00e7os e condi\u00e7\u00f5es adequadas para cumprir plenamente a sua miss\u00e3o institucional. Aproveitou tamb\u00e9m a ocasi\u00e3o para expressar o seu profundo agradecimento a todas as entidades envolvidas no projeto, nomeadamente CAFI, MOP, ADN, CNA, ANLA, Terras e Propriedades, bem como aos parceiros nacionais e internacionais, ao setor privado, \u00e0s institui\u00e7\u00f5es de forma\u00e7\u00e3o e aos funcion\u00e1rios e t\u00e9cnicos do INDMO, que nunca desistiram.<\/p>\n\n\n\n<p><br>De acordo com o Vice-Primeiro-Ministro, esta infraestrutura contribuir\u00e1 para o fortalecimento da capacita\u00e7\u00e3o de trabalhadores mais qualificados, a promo\u00e7\u00e3o do emprego e o refor\u00e7o da economia nacional, em conformidade com o Plano Estrat\u00e9gico do Governo e o Plano de Desenvolvimento Nacional. O Governo de Timor-Leste reafirma, assim, o seu compromisso de acompanhar de perto a execu\u00e7\u00e3o do projeto, garantindo a sua conclus\u00e3o atempada, com qualidade e de acordo com os objetivos definidos.<br>Na mesma ocasi\u00e3o, a Diretora do INDMO, Isabel Fernandes de Lima, referiu que a cerim\u00f3nia assinala n\u00e3o apenas o in\u00edcio da constru\u00e7\u00e3o f\u00edsica de um edif\u00edcio, mas tamb\u00e9m um passo estrat\u00e9gico e um compromisso firme do Estado timorense para o fortalecimento do sistema nacional de garantia da qualidade da forma\u00e7\u00e3o e da certifica\u00e7\u00e3o profissional.<\/p>\n\n\n\n<p><br>Enquanto entidade respons\u00e1vel pela regula\u00e7\u00e3o do sistema nacional de Ensino e Forma\u00e7\u00e3o T\u00e9cnica e Profissional (TVET), o INDMO tem a miss\u00e3o de definir padr\u00f5es de compet\u00eancia, proceder \u00e0 acredita\u00e7\u00e3o dos centros de forma\u00e7\u00e3o e assegurar a qualidade da forma\u00e7\u00e3o de acordo com padr\u00f5es internacionais.<br>\u201cO novo edif\u00edcio ser\u00e1 um centro nacional de garantia da qualidade e um ponto de liga\u00e7\u00e3o entre o Governo, a ind\u00fastria e as institui\u00e7\u00f5es de forma\u00e7\u00e3o, constituindo uma base para o reconhecimento regional e global das qualifica\u00e7\u00f5es de Timor-Leste\u201d, explicou a Diretora.<br>A Diretora salientou ainda o crescimento do n\u00famero de centros de forma\u00e7\u00e3o e o aumento da procura por acredita\u00e7\u00e3o, especialmente num contexto de integra\u00e7\u00e3o regional, incluindo a ASEAN. Neste sentido, Timor-Leste necessita de servi\u00e7os regulat\u00f3rios modernos, transparentes e eficientes para preparar os seus trabalhadores para a mobilidade laboral e a competitividade.<\/p>\n\n\n\n<p><br>A Diretora do INDMO expressou um agradecimento especial ao Vice-Primeiro-Ministro pelo seu forte empenho, dedica\u00e7\u00e3o e vis\u00e3o estrat\u00e9gica no acompanhamento e apoio ao projeto desde o in\u00edcio. Destacou igualmente que o projeto atribui elevada prioridade ao conte\u00fado local, com o empreiteiro Banir Lema Unipessoal, Lda. e o consultor de supervis\u00e3o CECB Sri Lanka comprometidos em envolver engenheiros, t\u00e9cnicos e trabalhadores timorenses.<br>O lan\u00e7amento da constru\u00e7\u00e3o do novo edif\u00edcio do INDMO simboliza a perseveran\u00e7a, o compromisso pol\u00edtico e a esperan\u00e7a no desenvolvimento dos recursos humanos de Timor-Leste, afirmando o orgulho nacional e a prepara\u00e7\u00e3o do pa\u00eds para uma participa\u00e7\u00e3o mais confiante a n\u00edvel regional e global.<\/p>\n","protected":false},"excerpt":{"rendered":"<p>T\u00edbar, Liqui\u00e7\u00e1 \u2013 16 de janeiro de 2026 O Vice-Primeiro-Ministro e Ministro Coordenador para os Assuntos Econ\u00f3micos, Ministro do Turismo&#8230;<\/p>\n","protected":false},"author":3,"featured_media":4353,"comment_status":"closed","ping_status":"open","sticky":false,"template":"","format":"standard","meta":{"om_disable_all_campaigns":false,"_monsterinsights_skip_tracking":false,"_monsterinsights_sitenote_active":false,"_monsterinsights_sitenote_note":"","_monsterinsights_sitenote_category":0,"ultp_fs_post_author":"","ultp_fs_post_email":"","ultp_fs_post_author_url":"","footnotes":""},"categories":[124,120],"tags":[],"class_list":["post-4357","post","type-post","status-publish","format-standard","has-post-thumbnail","hentry","category-nacional","category-noticias"],"_links":{"self":[{"href":"https:\/\/mcae.gov.tl\/pt-pt\/wp-json\/wp\/v2\/posts\/4357","targetHints":{"allow":["GET"]}}],"collection":[{"href":"https:\/\/mcae.gov.tl\/pt-pt\/wp-json\/wp\/v2\/posts"}],"about":[{"href":"https:\/\/mcae.gov.tl\/pt-pt\/wp-json\/wp\/v2\/types\/post"}],"author":[{"embeddable":true,"href":"https:\/\/mcae.gov.tl\/pt-pt\/wp-json\/wp\/v2\/users\/3"}],"replies":[{"embeddable":true,"href":"https:\/\/mcae.gov.tl\/pt-pt\/wp-json\/wp\/v2\/comments?post=4357"}],"version-history":[{"count":1,"href":"https:\/\/mcae.gov.tl\/pt-pt\/wp-json\/wp\/v2\/posts\/4357\/revisions"}],"predecessor-version":[{"id":4358,"href":"https:\/\/mcae.gov.tl\/pt-pt\/wp-json\/wp\/v2\/posts\/4357\/revisions\/4358"}],"wp:featuredmedia":[{"embeddable":true,"href":"https:\/\/mcae.gov.tl\/pt-pt\/wp-json\/wp\/v2\/media\/4353"}],"wp:attachment":[{"href":"https:\/\/mcae.gov.tl\/pt-pt\/wp-json\/wp\/v2\/media?parent=4357"}],"wp:term":[{"taxonomy":"category","embeddable":true,"href":"https:\/\/mcae.gov.tl\/pt-pt\/wp-json\/wp\/v2\/categories?post=4357"},{"taxonomy":"post_tag","embeddable":true,"href":"https:\/\/mcae.gov.tl\/pt-pt\/wp-json\/wp\/v2\/tags?post=4357"}],"curies":[{"name":"wp","href":"https:\/\/api.w.org\/{rel}","templated":true}]}}