{"id":4290,"date":"2025-12-03T15:27:48","date_gmt":"2025-12-03T06:27:48","guid":{"rendered":"https:\/\/mcae.gov.tl\/?p=4290"},"modified":"2025-12-04T15:31:46","modified_gmt":"2025-12-04T06:31:46","slug":"reforma-regulatoria-em-timor-leste-reforcar-as-oportunidades-de-acesso-aos-mercados-regionais-asean-e-globais-omc","status":"publish","type":"post","link":"https:\/\/mcae.gov.tl\/pt-pt\/reforma-regulatoria-em-timor-leste-reforcar-as-oportunidades-de-acesso-aos-mercados-regionais-asean-e-globais-omc\/","title":{"rendered":"Reforma Regulat\u00f3ria em Timor-Leste: Refor\u00e7ar as Oportunidades de Acesso aos Mercados Regionais (ASEAN) e Globais (OMC)"},"content":{"rendered":"\n<p>3 de Dezembro 2025<\/p>\n\n\n\n<p>A AIFAESA, I.P. organizou um semin\u00e1rio nacional de dois dias dedicado \u00e0 reforma regulat\u00f3ria e aos compromissos de Timor-Leste ap\u00f3s a ades\u00e3o \u00e0 Organiza\u00e7\u00e3o Mundial do Com\u00e9rcio (OMC) e \u00e0 Associa\u00e7\u00e3o das Na\u00e7\u00f5es do Sudeste Asi\u00e1tico (ASEAN). O evento reuniu altos representantes do Governo, institui\u00e7\u00f5es p\u00fablicas, comunidade acad\u00e9mica e diversos intervenientes-chave para analisar o n\u00edvel de prepara\u00e7\u00e3o do pa\u00eds para a integra\u00e7\u00e3o nos mercados regionais e globais.<br><\/p>\n\n\n\n<p>Na sess\u00e3o de abertura, o Coordenador-Geral do MCAE, Jorge Rui de Carvalho Martins, afirmou que a ades\u00e3o de Timor-Leste \u00e0 OMC representa simultaneamente \u201cum motivo de orgulho e um desafio\u201d, destacando o debate p\u00fablico cont\u00ednuo sobre os seus benef\u00edcios.<br><\/p>\n\n\n\n<p>Reiterou tr\u00eas mensagens principais A import\u00e2ncia da ades\u00e3o de Timor-Leste \u00e0 OMC; As implica\u00e7\u00f5es para as empresas nacionais e o acesso aos mercados; Os esfor\u00e7os do IX Governo Constitucional para enfrentar os desafios do per\u00edodo p\u00f3s-ades\u00e3o.<br><\/p>\n\n\n\n<p>Timor-Leste tornou-se membro de pleno direito da OMC a 30 de agosto de 2024, integrando um sistema global de com\u00e9rcio assente em regras, destinado a refor\u00e7ar o com\u00e9rcio, o investimento e o desenvolvimento do setor privado. Sublinhou ainda a Vis\u00e3o Estrat\u00e9gica para o P\u00f3s-Ades\u00e3o (VEPA) \u2014 aprovada em 29 de abril de 2024 \u2014 enquanto mapa estrat\u00e9gico do Governo para integrar os mercados globais de 165 pa\u00edses.<br><\/p>\n\n\n\n<p>O Inspetor-Geral da AIFAESA destacou a import\u00e2ncia de criar carreiras est\u00e1veis e permanentes para os funcion\u00e1rios p\u00fablicos, sublinhando que a robustez institucional exige investimento cont\u00ednuo no capital humano.<br>\u201cTransformar trabalhadores contratados em pessoal permanente \u00e9 um investimento na sustentabilidade das institui\u00e7\u00f5es p\u00fablicas e na qualidade dos servi\u00e7os que prestamos\u201d, afirmou.<br><\/p>\n\n\n\n<p>O semin\u00e1rio, organizado em conjunto com a TradeInvest Timor-Leste, constitui um apelo nacional para a prepara\u00e7\u00e3o das reformas exigidas na fase p\u00f3s-ades\u00e3o tanto \u00e0 ASEAN como \u00e0 OMC.<br>Entre os participantes estiveram o Vice-Ministro para a Operacionaliza\u00e7\u00e3o Hospitalar, Dr. Fl\u00e1vio Brand\u00e3o Mendes de Ara\u00fajo, representantes da Comiss\u00e3o da Fun\u00e7\u00e3o P\u00fablica (CFP), da PDHJ (Dr. Rigoberto Monteiro), diversas institui\u00e7\u00f5es p\u00fablicas (I.P. e E.P.), estudantes universit\u00e1rios e quadros de v\u00e1rios minist\u00e9rios relevantes.<\/p>\n","protected":false},"excerpt":{"rendered":"<p>3 de Dezembro 2025 A AIFAESA, I.P. organizou um semin\u00e1rio nacional de dois dias dedicado \u00e0 reforma regulat\u00f3ria e aos&#8230;<\/p>\n","protected":false},"author":3,"featured_media":4285,"comment_status":"closed","ping_status":"open","sticky":false,"template":"","format":"standard","meta":{"om_disable_all_campaigns":false,"_monsterinsights_skip_tracking":false,"_monsterinsights_sitenote_active":false,"_monsterinsights_sitenote_note":"","_monsterinsights_sitenote_category":0,"ultp_fs_post_author":"","ultp_fs_post_email":"","ultp_fs_post_author_url":"","footnotes":""},"categories":[124,120],"tags":[],"class_list":["post-4290","post","type-post","status-publish","format-standard","has-post-thumbnail","hentry","category-nacional","category-noticias"],"_links":{"self":[{"href":"https:\/\/mcae.gov.tl\/pt-pt\/wp-json\/wp\/v2\/posts\/4290","targetHints":{"allow":["GET"]}}],"collection":[{"href":"https:\/\/mcae.gov.tl\/pt-pt\/wp-json\/wp\/v2\/posts"}],"about":[{"href":"https:\/\/mcae.gov.tl\/pt-pt\/wp-json\/wp\/v2\/types\/post"}],"author":[{"embeddable":true,"href":"https:\/\/mcae.gov.tl\/pt-pt\/wp-json\/wp\/v2\/users\/3"}],"replies":[{"embeddable":true,"href":"https:\/\/mcae.gov.tl\/pt-pt\/wp-json\/wp\/v2\/comments?post=4290"}],"version-history":[{"count":1,"href":"https:\/\/mcae.gov.tl\/pt-pt\/wp-json\/wp\/v2\/posts\/4290\/revisions"}],"predecessor-version":[{"id":4291,"href":"https:\/\/mcae.gov.tl\/pt-pt\/wp-json\/wp\/v2\/posts\/4290\/revisions\/4291"}],"wp:featuredmedia":[{"embeddable":true,"href":"https:\/\/mcae.gov.tl\/pt-pt\/wp-json\/wp\/v2\/media\/4285"}],"wp:attachment":[{"href":"https:\/\/mcae.gov.tl\/pt-pt\/wp-json\/wp\/v2\/media?parent=4290"}],"wp:term":[{"taxonomy":"category","embeddable":true,"href":"https:\/\/mcae.gov.tl\/pt-pt\/wp-json\/wp\/v2\/categories?post=4290"},{"taxonomy":"post_tag","embeddable":true,"href":"https:\/\/mcae.gov.tl\/pt-pt\/wp-json\/wp\/v2\/tags?post=4290"}],"curies":[{"name":"wp","href":"https:\/\/api.w.org\/{rel}","templated":true}]}}