{"id":4277,"date":"2025-11-25T11:11:02","date_gmt":"2025-11-25T02:11:02","guid":{"rendered":"https:\/\/mcae.gov.tl\/?p=4277"},"modified":"2025-11-26T11:12:26","modified_gmt":"2025-11-26T02:12:26","slug":"timor-leste-reforca-a-facilitacao-de-investimento-para-apoiar-o-crescimento-do-setor-privado","status":"publish","type":"post","link":"https:\/\/mcae.gov.tl\/pt-pt\/timor-leste-reforca-a-facilitacao-de-investimento-para-apoiar-o-crescimento-do-setor-privado\/","title":{"rendered":"Timor-Leste Refor\u00e7a a Facilita\u00e7\u00e3o de Investimento para Apoiar o Crescimento do Setor Privado"},"content":{"rendered":"\n<p>25 de Novembro 2025<\/p>\n\n\n\n<p>O Gabinete do Ministro Coordenador dos Assuntos Econ\u00f3micos (MCAE) reafirma o forte compromisso do Governo em melhorar a facilita\u00e7\u00e3o do investimento, durante a abertura do Semin\u00e1rio de Facilita\u00e7\u00e3o de Investimento. O Coordenador-Geral do MCAE, Jorge Rui de Carvalho Martins, destacou as novas medidas destinadas a refor\u00e7ar os certificados de investimento, as declara\u00e7\u00f5es de benef\u00edcios e os acordos de investimento especiais.<\/p>\n\n\n\n<p>Sublinhou que o IX Governo Constitucional coloca o setor privado no centro do desenvolvimento econ\u00f3mico nacional, salientando a import\u00e2ncia do investimento para a cria\u00e7\u00e3o de emprego, a redu\u00e7\u00e3o da pobreza e a diversifica\u00e7\u00e3o econ\u00f3mica. A TradeInvest Timor-Leste continua a realizar o acompanhamento das atividades dos investidores, a resolver desafios e a prestar apoio \u00e0s empresas para cumprirem os seus compromissos, numa fase em que muitos investidores j\u00e1 se encontram a implementar os seus projetos.<\/p>\n\n\n\n<p>O semin\u00e1rio proporciona uma plataforma para uma coordena\u00e7\u00e3o e orienta\u00e7\u00e3o mais claras entre as institui\u00e7\u00f5es governamentais. O Coordenador-Geral destacou tamb\u00e9m os principais marcos econ\u00f3micos de Timor-Leste \u2014 a ades\u00e3o \u00e0 OMC em 2024 e a ades\u00e3o \u00e0 ASEAN em outubro de 2025 \u2014 venham a expandir as oportunidades de mercado para os produtos timorenses.<\/p>\n\n\n\n<p>O Coordenador-Geral transmitiu novamente as preocupa\u00e7\u00f5es da C\u00e2mara de Com\u00e9rcio e Ind\u00fastria de Timor-Leste (CCITL) relativamente \u00e0 necessidade de uma coordena\u00e7\u00e3o t\u00e9cnica mais s\u00f3lida e de servi\u00e7os integrados, de forma a garantir um melhor apoio aos investidores nacionais e estrangeiros. Reafirmou ainda o compromisso do Governo em criar um ambiente de neg\u00f3cios que favore\u00e7a e incentive a implementa\u00e7\u00e3o respons\u00e1vel dos planos de investimento j\u00e1 aprovados.<\/p>\n\n\n\n<p>Elogiou a TradeInvest pelo seu profissionalismo e apelou \u00e0 continua\u00e7\u00e3o de um trabalho transparente e facilitador. Solicitou igualmente um refor\u00e7o da coordena\u00e7\u00e3o entre as dire\u00e7\u00f5es t\u00e9cnicas, de modo a assegurar uma presta\u00e7\u00e3o eficiente dos servi\u00e7os de apoio ao investimento.<\/p>\n\n\n\n<p>O semin\u00e1rio abre assim com a expectativa de discuss\u00f5es produtivas e de resultados concretos na pr\u00e1tica.<\/p>\n","protected":false},"excerpt":{"rendered":"<p>25 de Novembro 2025 O Gabinete do Ministro Coordenador dos Assuntos Econ\u00f3micos (MCAE) reafirma o forte compromisso do Governo em&#8230;<\/p>\n","protected":false},"author":3,"featured_media":4269,"comment_status":"closed","ping_status":"open","sticky":false,"template":"","format":"standard","meta":{"om_disable_all_campaigns":false,"_monsterinsights_skip_tracking":false,"_monsterinsights_sitenote_active":false,"_monsterinsights_sitenote_note":"","_monsterinsights_sitenote_category":0,"ultp_fs_post_author":"","ultp_fs_post_email":"","ultp_fs_post_author_url":"","footnotes":""},"categories":[124,120],"tags":[],"class_list":["post-4277","post","type-post","status-publish","format-standard","has-post-thumbnail","hentry","category-nacional","category-noticias"],"_links":{"self":[{"href":"https:\/\/mcae.gov.tl\/pt-pt\/wp-json\/wp\/v2\/posts\/4277","targetHints":{"allow":["GET"]}}],"collection":[{"href":"https:\/\/mcae.gov.tl\/pt-pt\/wp-json\/wp\/v2\/posts"}],"about":[{"href":"https:\/\/mcae.gov.tl\/pt-pt\/wp-json\/wp\/v2\/types\/post"}],"author":[{"embeddable":true,"href":"https:\/\/mcae.gov.tl\/pt-pt\/wp-json\/wp\/v2\/users\/3"}],"replies":[{"embeddable":true,"href":"https:\/\/mcae.gov.tl\/pt-pt\/wp-json\/wp\/v2\/comments?post=4277"}],"version-history":[{"count":1,"href":"https:\/\/mcae.gov.tl\/pt-pt\/wp-json\/wp\/v2\/posts\/4277\/revisions"}],"predecessor-version":[{"id":4278,"href":"https:\/\/mcae.gov.tl\/pt-pt\/wp-json\/wp\/v2\/posts\/4277\/revisions\/4278"}],"wp:featuredmedia":[{"embeddable":true,"href":"https:\/\/mcae.gov.tl\/pt-pt\/wp-json\/wp\/v2\/media\/4269"}],"wp:attachment":[{"href":"https:\/\/mcae.gov.tl\/pt-pt\/wp-json\/wp\/v2\/media?parent=4277"}],"wp:term":[{"taxonomy":"category","embeddable":true,"href":"https:\/\/mcae.gov.tl\/pt-pt\/wp-json\/wp\/v2\/categories?post=4277"},{"taxonomy":"post_tag","embeddable":true,"href":"https:\/\/mcae.gov.tl\/pt-pt\/wp-json\/wp\/v2\/tags?post=4277"}],"curies":[{"name":"wp","href":"https:\/\/api.w.org\/{rel}","templated":true}]}}