{"id":4238,"date":"2025-11-20T14:35:06","date_gmt":"2025-11-20T05:35:06","guid":{"rendered":"https:\/\/mcae.gov.tl\/?p=4238"},"modified":"2025-11-25T14:38:53","modified_gmt":"2025-11-25T05:38:53","slug":"abertura-da-formacao-profissional-no-centro-nacional-de-emprego-e-formacao-profissional-cnefp-tibar","status":"publish","type":"post","link":"https:\/\/mcae.gov.tl\/pt-pt\/abertura-da-formacao-profissional-no-centro-nacional-de-emprego-e-formacao-profissional-cnefp-tibar\/","title":{"rendered":"Abertura da Forma\u00e7\u00e3o Profissional no Centro Nacional de Emprego e Forma\u00e7\u00e3o Profissional, CNEFP \u2013 T\u00edbar"},"content":{"rendered":"\n<p><br>O Coordenador-Geral do Gabinete do Ministro Coordenador dos Assuntos Econ\u00f3micos (MCAE), Jorge Rui de Carvalho Martins, acompanhado por Sua Excel\u00eancia o Secret\u00e1rio de Estado da Pecu\u00e1ria, o Presidente da ATTL, o Vice-Presidente da BTL, o Chefe de Gabinete do Chefe do Estado-Maior General das F-FDTL, o Embaixador da Uni\u00e3o Europeia, o Instituto Cam\u00f5es e o Diretor do CNEFP \u2013 T\u00edbar, participou na cerim\u00f3nia de abertura do novo ciclo formativo.<br><\/p>\n\n\n\n<p>Em representa\u00e7\u00e3o do Vice-Primeiro-Ministro, Ministro Coordenador dos Assuntos Econ\u00f3micos (MCAE) e Ministro do Turismo e Ambiente (MTA), declarou formalmente aberta a Forma\u00e7\u00e3o Profissional de N\u00edvel I a N\u00edvel III no Centro Nacional de Emprego e Forma\u00e7\u00e3o Profissional, CNEFP-T\u00edbar.<br>M\u00e9dia MCAE<\/p>\n","protected":false},"excerpt":{"rendered":"<p>O Coordenador-Geral do Gabinete do Ministro Coordenador dos Assuntos Econ\u00f3micos (MCAE), Jorge Rui de Carvalho Martins, acompanhado por Sua Excel\u00eancia&#8230;<\/p>\n","protected":false},"author":3,"featured_media":4227,"comment_status":"closed","ping_status":"open","sticky":false,"template":"","format":"standard","meta":{"om_disable_all_campaigns":false,"_monsterinsights_skip_tracking":false,"_monsterinsights_sitenote_active":false,"_monsterinsights_sitenote_note":"","_monsterinsights_sitenote_category":0,"ultp_fs_post_author":"","ultp_fs_post_email":"","ultp_fs_post_author_url":"","footnotes":""},"categories":[124,120],"tags":[],"class_list":["post-4238","post","type-post","status-publish","format-standard","has-post-thumbnail","hentry","category-nacional","category-noticias"],"_links":{"self":[{"href":"https:\/\/mcae.gov.tl\/pt-pt\/wp-json\/wp\/v2\/posts\/4238","targetHints":{"allow":["GET"]}}],"collection":[{"href":"https:\/\/mcae.gov.tl\/pt-pt\/wp-json\/wp\/v2\/posts"}],"about":[{"href":"https:\/\/mcae.gov.tl\/pt-pt\/wp-json\/wp\/v2\/types\/post"}],"author":[{"embeddable":true,"href":"https:\/\/mcae.gov.tl\/pt-pt\/wp-json\/wp\/v2\/users\/3"}],"replies":[{"embeddable":true,"href":"https:\/\/mcae.gov.tl\/pt-pt\/wp-json\/wp\/v2\/comments?post=4238"}],"version-history":[{"count":1,"href":"https:\/\/mcae.gov.tl\/pt-pt\/wp-json\/wp\/v2\/posts\/4238\/revisions"}],"predecessor-version":[{"id":4239,"href":"https:\/\/mcae.gov.tl\/pt-pt\/wp-json\/wp\/v2\/posts\/4238\/revisions\/4239"}],"wp:featuredmedia":[{"embeddable":true,"href":"https:\/\/mcae.gov.tl\/pt-pt\/wp-json\/wp\/v2\/media\/4227"}],"wp:attachment":[{"href":"https:\/\/mcae.gov.tl\/pt-pt\/wp-json\/wp\/v2\/media?parent=4238"}],"wp:term":[{"taxonomy":"category","embeddable":true,"href":"https:\/\/mcae.gov.tl\/pt-pt\/wp-json\/wp\/v2\/categories?post=4238"},{"taxonomy":"post_tag","embeddable":true,"href":"https:\/\/mcae.gov.tl\/pt-pt\/wp-json\/wp\/v2\/tags?post=4238"}],"curies":[{"name":"wp","href":"https:\/\/api.w.org\/{rel}","templated":true}]}}