{"id":4234,"date":"2025-11-20T14:29:57","date_gmt":"2025-11-20T05:29:57","guid":{"rendered":"https:\/\/mcae.gov.tl\/?p=4234"},"modified":"2025-11-25T14:33:03","modified_gmt":"2025-11-25T05:33:03","slug":"encerramento-da-formacao-profissional-centro-nacional-de-emprego-e-formacao-profissional-cnefp-tibar","status":"publish","type":"post","link":"https:\/\/mcae.gov.tl\/pt-pt\/encerramento-da-formacao-profissional-centro-nacional-de-emprego-e-formacao-profissional-cnefp-tibar\/","title":{"rendered":"Encerramento da Forma\u00e7\u00e3o Profissional, Centro Nacional de Emprego e Forma\u00e7\u00e3o Profissional, CNEFP \u2013 T\u00edbar"},"content":{"rendered":"\n<p>O Coordenador-Geral do Gabinete do Ministro Coordenador dos Assuntos Econ\u00f3micos (MCAE), Jorge Rui de Carvalho Martins, acompanhado por Sua Excel\u00eancia o Secret\u00e1rio de Estado da Pecu\u00e1ria, o Presidente da ATTL, o Vice-Presidente da BTL, o Chefe de Gabinete do Chefe do Estado-Maior General das F-FDTL, o Embaixador da Uni\u00e3o Europeia, o Instituto Cam\u00f5es e o Diretor do CNEFP \u2013 T\u00edbar, participou no encerramento da forma\u00e7\u00e3o profissional.<br><\/p>\n\n\n\n<p>O Coordenador-Geral, em representa\u00e7\u00e3o do Ministro Coordenador dos Assuntos Econ\u00f3micos, afirmou sentir-se honrado por falar sobre a import\u00e2ncia da forma\u00e7\u00e3o t\u00e9cnica e profissional para a for\u00e7a de trabalho de Timor-Leste e para a sua integra\u00e7\u00e3o no mercado de trabalho regional da ASEAN.<br><\/p>\n\n\n\n<p>A forma\u00e7\u00e3o profissional \u00e9 um instrumento-chave para preparar os nossos jovens, homens e mulheres, para competirem eficazmente na economia regional. Atrav\u00e9s de programas estruturados e de certifica\u00e7\u00e3o, asseguramos que a nossa for\u00e7a de trabalho n\u00e3o s\u00f3 adquire compet\u00eancias pr\u00e1ticas, mas tamb\u00e9m cumpre os padr\u00f5es e a qualidade exigidos pelo mercado da ASEAN. Isto \u00e9 essencial para o desenvolvimento das carreiras individuais e para o crescimento da economia nacional.<br><\/p>\n\n\n\n<p>O Coordenador-Geral destacou com orgulho a gradua\u00e7\u00e3o e certifica\u00e7\u00e3o bem-sucedida dos formandos deste ciclo formativo, nas seguintes \u00e1reas:<br>\u2022 Constru\u00e7\u00e3o Geral N\u00edvel I \u2013 46 formandos (38 homens, 8 mulheres)<br>\u2022 Constru\u00e7\u00e3o Geral N\u00edvel II \u2013 24 formandos (23 homens, 1 mulher)<br>\u2022 Alvenaria N\u00edvel III \u2013 5 formandos<br>\u2022 Eletricidade N\u00edvel III \u2013 6 formandos<br>\u2022 Soldadura N\u00edvel III \u2013 3 estagi\u00e1rios<br>\u2022 Canaliza\u00e7\u00e3o N\u00edvel III \u2013 6 formandos<br>\u2022 Hospitalidade N\u00edvel I &amp; II \u2013 11 estagi\u00e1rios<br>\u2022 Agricultura N\u00edvel I &amp; II \u2013 4 formandos<br>\u2022 Pecu\u00e1ria N\u00edvel III \u2013 [n\u00famero n\u00e3o especificado]<br>\u2022 T\u00e9cnico de Turismo Comunit\u00e1rio e Cultural N\u00edvel III \u2013 em processo de acredita\u00e7\u00e3o<br>O total de formandos \u00e9 de 105.<br><\/p>\n\n\n\n<p>Estas conquistas demonstram que a for\u00e7a de trabalho timorense est\u00e1 cada vez mais capacitada, com compet\u00eancias, conhecimento e certifica\u00e7\u00e3o necess\u00e1rios para competir em qualquer mercado de trabalho da ASEAN. Com esta base s\u00f3lida, os formandos poder\u00e3o contribuir com confian\u00e7a para a economia regional, em \u00e1reas como constru\u00e7\u00e3o, hospitalidade, agricultura e servi\u00e7os t\u00e9cnicos.<br>O Coordenador-Geral expressou ainda o seu profundo agradecimento ao Centro Nacional de Emprego e Forma\u00e7\u00e3o Profissional, CNEFP-T\u00edbar, bem como aos formadores e instrutores que trabalharam arduamente para preparar estes jovens e transform\u00e1-los em profissionais qualificados. Estendeu o agradecimento \u00e0s institui\u00e7\u00f5es que t\u00eam apoiado Timor-Leste no desenvolvimento do seu capital humano. <\/p>\n\n\n\n<p>M\u00e9dia MCAE<\/p>\n","protected":false},"excerpt":{"rendered":"<p>O Coordenador-Geral do Gabinete do Ministro Coordenador dos Assuntos Econ\u00f3micos (MCAE), Jorge Rui de Carvalho Martins, acompanhado por Sua Excel\u00eancia&#8230;<\/p>\n","protected":false},"author":3,"featured_media":4221,"comment_status":"closed","ping_status":"open","sticky":false,"template":"","format":"standard","meta":{"om_disable_all_campaigns":false,"_monsterinsights_skip_tracking":false,"_monsterinsights_sitenote_active":false,"_monsterinsights_sitenote_note":"","_monsterinsights_sitenote_category":0,"ultp_fs_post_author":"","ultp_fs_post_email":"","ultp_fs_post_author_url":"","footnotes":""},"categories":[124,120],"tags":[],"class_list":["post-4234","post","type-post","status-publish","format-standard","has-post-thumbnail","hentry","category-nacional","category-noticias"],"_links":{"self":[{"href":"https:\/\/mcae.gov.tl\/pt-pt\/wp-json\/wp\/v2\/posts\/4234","targetHints":{"allow":["GET"]}}],"collection":[{"href":"https:\/\/mcae.gov.tl\/pt-pt\/wp-json\/wp\/v2\/posts"}],"about":[{"href":"https:\/\/mcae.gov.tl\/pt-pt\/wp-json\/wp\/v2\/types\/post"}],"author":[{"embeddable":true,"href":"https:\/\/mcae.gov.tl\/pt-pt\/wp-json\/wp\/v2\/users\/3"}],"replies":[{"embeddable":true,"href":"https:\/\/mcae.gov.tl\/pt-pt\/wp-json\/wp\/v2\/comments?post=4234"}],"version-history":[{"count":1,"href":"https:\/\/mcae.gov.tl\/pt-pt\/wp-json\/wp\/v2\/posts\/4234\/revisions"}],"predecessor-version":[{"id":4235,"href":"https:\/\/mcae.gov.tl\/pt-pt\/wp-json\/wp\/v2\/posts\/4234\/revisions\/4235"}],"wp:featuredmedia":[{"embeddable":true,"href":"https:\/\/mcae.gov.tl\/pt-pt\/wp-json\/wp\/v2\/media\/4221"}],"wp:attachment":[{"href":"https:\/\/mcae.gov.tl\/pt-pt\/wp-json\/wp\/v2\/media?parent=4234"}],"wp:term":[{"taxonomy":"category","embeddable":true,"href":"https:\/\/mcae.gov.tl\/pt-pt\/wp-json\/wp\/v2\/categories?post=4234"},{"taxonomy":"post_tag","embeddable":true,"href":"https:\/\/mcae.gov.tl\/pt-pt\/wp-json\/wp\/v2\/tags?post=4234"}],"curies":[{"name":"wp","href":"https:\/\/api.w.org\/{rel}","templated":true}]}}