{"id":4160,"date":"2025-09-08T13:47:44","date_gmt":"2025-09-08T04:47:44","guid":{"rendered":"https:\/\/mcae.gov.tl\/?p=4160"},"modified":"2025-11-07T13:50:27","modified_gmt":"2025-11-07T04:50:27","slug":"programa-7-minutos-entrevista-com-o-coordenador-geral-do-ministro-coordenador-dos-assuntos-economicos-mcae","status":"publish","type":"post","link":"https:\/\/mcae.gov.tl\/pt-pt\/programa-7-minutos-entrevista-com-o-coordenador-geral-do-ministro-coordenador-dos-assuntos-economicos-mcae\/","title":{"rendered":"Programa 7 Minutos \u2013 Entrevista com o Coordenador-Geral do Ministro Coordenador dos Assuntos Econ\u00f3micos (MCAE)"},"content":{"rendered":"\n<p>O Coordenador-Geral do Gabinete do MCAE, Jorge Rui de Carvalho Martins, em entrevista ao programa da RTTL E.P., conhecido como 7 Minutos (8 de Setembro de 2025), explicou a pol\u00edtica do Governo atrav\u00e9s de uma nova resolu\u00e7\u00e3o que visa aumentar a efici\u00eancia e a efic\u00e1cia das Institui\u00e7\u00f5es P\u00fablicas (IPs) e das Empresas P\u00fablicas (EPs).<br><\/p>\n\n\n\n<p>Segundo o Coordenador-Geral, os passos definidos pelo Governo incluem tr\u00eas a\u00e7\u00f5es principais: reestrutura\u00e7\u00e3o de servi\u00e7os, fus\u00e3o institucional e separa\u00e7\u00e3o de algumas unidades.<br>O objetivo \u00e9 melhorar a governa\u00e7\u00e3o, evitar a duplica\u00e7\u00e3o de fun\u00e7\u00f5es e controlar a despesa do Estado. Foi estabelecido um prazo para cada institui\u00e7\u00e3o: 120 dias para fus\u00f5es, 90 dias para reestrutura\u00e7\u00f5es e 60 dias para extens\u00e3o da implementa\u00e7\u00e3o da decis\u00e3o.<br><\/p>\n\n\n\n<p>O Coordenador-Geral sublinhou que estas altera\u00e7\u00f5es n\u00e3o t\u00eam como finalidade reduzir o n\u00famero de trabalhadores, mas sim garantir que cada funcion\u00e1rio seja colocado em fun\u00e7\u00f5es compat\u00edveis com as compet\u00eancias e necessidades da institui\u00e7\u00e3o. O Governo garante o direito de cada funcion\u00e1rio decidir se deseja continuar ou n\u00e3o no servi\u00e7o.<br><\/p>\n\n\n\n<p>No \u00e2mbito do MCAE, 14 Institui\u00e7\u00f5es P\u00fablicas est\u00e3o atualmente a realizar revis\u00f5es conjuntas de estatutos com o Minist\u00e9rio do Turismo e Ambiente e o Minist\u00e9rio dos Transportes e Comunica\u00e7\u00f5es. Algumas ser\u00e3o fundidas ou reestruturadas, enquanto as consideradas estrat\u00e9gicas permanecer\u00e3o independentes.<br><\/p>\n\n\n\n<p>O Coordenador-Geral destacou ainda que esta resolu\u00e7\u00e3o representa o esfor\u00e7o do Governo para refor\u00e7ar o sistema de servi\u00e7o p\u00fablico e garantir que todas as institui\u00e7\u00f5es operem de forma eficiente, sem sobreposi\u00e7\u00e3o de fun\u00e7\u00f5es, e alinhadas com a orienta\u00e7\u00e3o da pol\u00edtica econ\u00f3mica nacional. O prazo para a implementa\u00e7\u00e3o desta pol\u00edtica est\u00e1 definido para Janeiro de 2026.<br>Media MCAE<\/p>\n","protected":false},"excerpt":{"rendered":"<p>O Coordenador-Geral do Gabinete do MCAE, Jorge Rui de Carvalho Martins, em entrevista ao programa da RTTL E.P., conhecido como&#8230;<\/p>\n","protected":false},"author":3,"featured_media":3646,"comment_status":"closed","ping_status":"open","sticky":false,"template":"","format":"standard","meta":{"om_disable_all_campaigns":false,"_monsterinsights_skip_tracking":false,"_monsterinsights_sitenote_active":false,"_monsterinsights_sitenote_note":"","_monsterinsights_sitenote_category":0,"ultp_fs_post_author":"","ultp_fs_post_email":"","ultp_fs_post_author_url":"","footnotes":""},"categories":[118],"tags":[],"class_list":["post-4160","post","type-post","status-publish","format-standard","has-post-thumbnail","hentry","category-comunicados"],"_links":{"self":[{"href":"https:\/\/mcae.gov.tl\/pt-pt\/wp-json\/wp\/v2\/posts\/4160","targetHints":{"allow":["GET"]}}],"collection":[{"href":"https:\/\/mcae.gov.tl\/pt-pt\/wp-json\/wp\/v2\/posts"}],"about":[{"href":"https:\/\/mcae.gov.tl\/pt-pt\/wp-json\/wp\/v2\/types\/post"}],"author":[{"embeddable":true,"href":"https:\/\/mcae.gov.tl\/pt-pt\/wp-json\/wp\/v2\/users\/3"}],"replies":[{"embeddable":true,"href":"https:\/\/mcae.gov.tl\/pt-pt\/wp-json\/wp\/v2\/comments?post=4160"}],"version-history":[{"count":1,"href":"https:\/\/mcae.gov.tl\/pt-pt\/wp-json\/wp\/v2\/posts\/4160\/revisions"}],"predecessor-version":[{"id":4161,"href":"https:\/\/mcae.gov.tl\/pt-pt\/wp-json\/wp\/v2\/posts\/4160\/revisions\/4161"}],"wp:featuredmedia":[{"embeddable":true,"href":"https:\/\/mcae.gov.tl\/pt-pt\/wp-json\/wp\/v2\/media\/3646"}],"wp:attachment":[{"href":"https:\/\/mcae.gov.tl\/pt-pt\/wp-json\/wp\/v2\/media?parent=4160"}],"wp:term":[{"taxonomy":"category","embeddable":true,"href":"https:\/\/mcae.gov.tl\/pt-pt\/wp-json\/wp\/v2\/categories?post=4160"},{"taxonomy":"post_tag","embeddable":true,"href":"https:\/\/mcae.gov.tl\/pt-pt\/wp-json\/wp\/v2\/tags?post=4160"}],"curies":[{"name":"wp","href":"https:\/\/api.w.org\/{rel}","templated":true}]}}