{"id":4077,"date":"2025-10-16T09:01:44","date_gmt":"2025-10-16T00:01:44","guid":{"rendered":"https:\/\/mcae.gov.tl\/?p=4077"},"modified":"2025-10-16T09:01:46","modified_gmt":"2025-10-16T00:01:46","slug":"timor-leste-apresenta-atualizacao-sobre-os-progressos-rumo-a-adesao-ao-acordo-sobre-contratos-publicos-gpa-da-omc","status":"publish","type":"post","link":"https:\/\/mcae.gov.tl\/pt-pt\/timor-leste-apresenta-atualizacao-sobre-os-progressos-rumo-a-adesao-ao-acordo-sobre-contratos-publicos-gpa-da-omc\/","title":{"rendered":"Timor-Leste Apresenta Atualiza\u00e7\u00e3o sobre os Progressos Rumo \u00e0 Ades\u00e3o ao Acordo sobre Contratos P\u00fablicos (GPA) da OMC"},"content":{"rendered":"\n<p>Genebra, 16 de outubro de 2025<\/p>\n\n\n\n<p>Timor-Leste participou na Reuni\u00e3o Formal e nas Sess\u00f5es Informais do Comit\u00e9 da Organiza\u00e7\u00e3o Mundial do Com\u00e9rcio (OMC) sobre Contratos P\u00fablicos (GPA), realizadas em Genebra, Su\u00ed\u00e7a, na quarta-feira, dia 15 de outubro de 2025, assinalando a 100.\u00aa reuni\u00e3o formal do Comit\u00e9 desde a ado\u00e7\u00e3o do primeiro Acordo GPA da OMC, em 1994.<\/p>\n\n\n\n<p>Durante a sess\u00e3o, o Embaixador Ant\u00f3nio da Concei\u00e7\u00e3o, Representante Permanente de Timor-Leste junto da OMC, teve a honra de apresentar uma atualiza\u00e7\u00e3o sobre os progressos do pa\u00eds rumo \u00e0 ades\u00e3o ao GPA.<\/p>\n\n\n\n<p>Na sua interven\u00e7\u00e3o, o Embaixador da Concei\u00e7\u00e3o informou que, desde a \u00faltima comunica\u00e7\u00e3o de Timor-Leste ao Comit\u00e9, datada de 10 de setembro de 2025, o Governo \u2014 em estreita colabora\u00e7\u00e3o com os parceiros de desenvolvimento, o Centro de Com\u00e9rcio Internacional (ITC) e o Governo da Austr\u00e1lia, atrav\u00e9s do Programa PROSIVU \u2014 tem vindo a implementar com sucesso uma s\u00e9rie de atividades conjuntas de refor\u00e7o de capacidades, envolvendo t\u00e9cnicos de minist\u00e9rios e ag\u00eancias-chave.<\/p>\n\n\n\n<p>Estas iniciativas t\u00eam sido fundamentais para fortalecer a compreens\u00e3o institucional sobre o quadro do GPA e dotar as equipas t\u00e9cnicas nacionais das ferramentas e metodologias necess\u00e1rias para preparar a Proposta de Acesso ao Mercado de Timor-Leste.<\/p>\n\n\n\n<p>Atualmente, o Governo de Timor-Leste est\u00e1 a finalizar o mandato jur\u00eddico para o estabelecimento do Grupo de Trabalho T\u00e9cnico sobre a Ades\u00e3o ao GPA, um \u00f3rg\u00e3o interministerial que servir\u00e1 como mecanismo formal de coordena\u00e7\u00e3o e consulta interna na prepara\u00e7\u00e3o da Proposta de Acesso ao Mercado. Uma vez formalizado o mandato, o Grupo de Trabalho dar\u00e1 in\u00edcio \u00e0s suas atividades.<\/p>\n\n\n\n<p>Em termos de cronograma, Timor-Leste prev\u00ea concluir a constitui\u00e7\u00e3o formal do Grupo de Trabalho T\u00e9cnico at\u00e9 ao final de 2025 e avan\u00e7ar com a submiss\u00e3o da sua Proposta de Acesso ao Mercado at\u00e9 meados de 2026.<\/p>\n\n\n\n<p>Timor-Leste encara a sua ades\u00e3o ao GPA como parte integrante da sua estrat\u00e9gia mais ampla de integra\u00e7\u00e3o no sistema comercial global. O Governo reafirma o seu profundo apre\u00e7o pela flexibilidade, orienta\u00e7\u00e3o e apoio prestados pelo Secretariado da OMC e pelos parceiros de desenvolvimento ao longo deste processo.<\/p>\n\n\n\n<p>A reuni\u00e3o de 15 de outubro de 2025 marcou igualmente um marco significativo \u2014 a 100.\u00aa reuni\u00e3o formal do Comit\u00e9 GPA desde a ado\u00e7\u00e3o do primeiro Acordo da OMC sobre Contratos P\u00fablicos, em abril de 1994. Desde a entrada em vigor do GPA de 1994, em janeiro de 1996, o Comit\u00e9 realizou 94 reuni\u00f5es formais, para al\u00e9m de v\u00e1rias sess\u00f5es promovidas pelo Comit\u00e9 Interino entre 1994 e 1996, no \u00e2mbito da prepara\u00e7\u00e3o para a implementa\u00e7\u00e3o do Acordo.<\/p>\n\n\n\n<p><\/p>\n","protected":false},"excerpt":{"rendered":"<p>Genebra, 16 de outubro de 2025 Timor-Leste participou na Reuni\u00e3o Formal e nas Sess\u00f5es Informais do Comit\u00e9 da Organiza\u00e7\u00e3o Mundial&#8230;<\/p>\n","protected":false},"author":3,"featured_media":4073,"comment_status":"closed","ping_status":"open","sticky":false,"template":"","format":"standard","meta":{"om_disable_all_campaigns":false,"_monsterinsights_skip_tracking":false,"_monsterinsights_sitenote_active":false,"_monsterinsights_sitenote_note":"","_monsterinsights_sitenote_category":0,"ultp_fs_post_author":"","ultp_fs_post_email":"","ultp_fs_post_author_url":"","footnotes":""},"categories":[118,442],"tags":[],"class_list":["post-4077","post","type-post","status-publish","format-standard","has-post-thumbnail","hentry","category-comunicados","category-wto-pt"],"_links":{"self":[{"href":"https:\/\/mcae.gov.tl\/pt-pt\/wp-json\/wp\/v2\/posts\/4077","targetHints":{"allow":["GET"]}}],"collection":[{"href":"https:\/\/mcae.gov.tl\/pt-pt\/wp-json\/wp\/v2\/posts"}],"about":[{"href":"https:\/\/mcae.gov.tl\/pt-pt\/wp-json\/wp\/v2\/types\/post"}],"author":[{"embeddable":true,"href":"https:\/\/mcae.gov.tl\/pt-pt\/wp-json\/wp\/v2\/users\/3"}],"replies":[{"embeddable":true,"href":"https:\/\/mcae.gov.tl\/pt-pt\/wp-json\/wp\/v2\/comments?post=4077"}],"version-history":[{"count":1,"href":"https:\/\/mcae.gov.tl\/pt-pt\/wp-json\/wp\/v2\/posts\/4077\/revisions"}],"predecessor-version":[{"id":4078,"href":"https:\/\/mcae.gov.tl\/pt-pt\/wp-json\/wp\/v2\/posts\/4077\/revisions\/4078"}],"wp:featuredmedia":[{"embeddable":true,"href":"https:\/\/mcae.gov.tl\/pt-pt\/wp-json\/wp\/v2\/media\/4073"}],"wp:attachment":[{"href":"https:\/\/mcae.gov.tl\/pt-pt\/wp-json\/wp\/v2\/media?parent=4077"}],"wp:term":[{"taxonomy":"category","embeddable":true,"href":"https:\/\/mcae.gov.tl\/pt-pt\/wp-json\/wp\/v2\/categories?post=4077"},{"taxonomy":"post_tag","embeddable":true,"href":"https:\/\/mcae.gov.tl\/pt-pt\/wp-json\/wp\/v2\/tags?post=4077"}],"curies":[{"name":"wp","href":"https:\/\/api.w.org\/{rel}","templated":true}]}}