{"id":4050,"date":"2025-10-08T13:41:17","date_gmt":"2025-10-08T04:41:17","guid":{"rendered":"https:\/\/mcae.gov.tl\/?p=4050"},"modified":"2025-10-13T13:42:53","modified_gmt":"2025-10-13T04:42:53","slug":"mcae-inaugura-novo-pavilhao-no-centro-de-formacao-profissional-de-beaco","status":"publish","type":"post","link":"https:\/\/mcae.gov.tl\/pt-pt\/mcae-inaugura-novo-pavilhao-no-centro-de-formacao-profissional-de-beaco\/","title":{"rendered":"MCAE Inaugura Novo Pavilh\u00e3o no Centro de Forma\u00e7\u00e3o Profissional de Bea\u00e7o"},"content":{"rendered":"\n<p>O Gabinete do Ministro Coordenador dos Assuntos Econ\u00f3micos (MCAE), atrav\u00e9s do Coordenador-Geral, Jorge Rui de Carvalho Martins, realizou uma visita de trabalho ao Munic\u00edpio de Vikeke, Posto Administrativo de Vikeke Vila, Suco de Bea\u00e7o, para participar na cerim\u00f3nia de inaugura\u00e7\u00e3o do novo pavilh\u00e3o do Centro de Forma\u00e7\u00e3o Profissional de Bea\u00e7o.<br><\/p>\n\n\n\n<p>\u201cHoje \u00e9 um momento de grande orgulho e satisfa\u00e7\u00e3o poder estar aqui convosco e, em nome de Sua Excel\u00eancia o Vice-Primeiro-Ministro (V-PM), Ministro Coordenador dos Assuntos Econ\u00f3micos (MCAE) e Ministro do Turismo e Ambiente (MTA), inaugurar este novo pavilh\u00e3o do Centro de Forma\u00e7\u00e3o Profissional de Bea\u00e7o,\u201d afirmou o Coordenador-Geral, durante a sua interven\u00e7\u00e3o.<br><\/p>\n\n\n\n<p>O Coordenador-Geral sublinhou que, nesta cerim\u00f3nia, o MCAE reconhece o esfor\u00e7o e dedica\u00e7\u00e3o de todos os envolvidos, incluindo as duas empresas que contribu\u00edram para que este projeto se tornasse realidade. Desde o planeamento at\u00e9 \u00e0 constru\u00e7\u00e3o, o empenho e a perseveran\u00e7a de cada colaborador s\u00e3o evidentes em cada tijolo, cada detalhe e em toda a estrutura do novo pavilh\u00e3o.<br><\/p>\n\n\n\n<p>\u201cQuero dirigir um agradecimento especial \u00e0 Diretora do CNFP Becora, bem como a toda a equipa de formadores e professores do Centro de Bea\u00e7o, pela supervis\u00e3o e orienta\u00e7\u00e3o t\u00e9cnica consistente, garantindo que o projeto cumpre os padr\u00f5es de qualidade e seguran\u00e7a mais exigentes. O profissionalismo e o sentido de miss\u00e3o de todos demonstram um verdadeiro esp\u00edrito de educa\u00e7\u00e3o vocacional, que ser\u00e1 duradouro,\u201d afirmou o Coordenador-Geral.<br><\/p>\n\n\n\n<p>Foi ainda sublinhado que esta realiza\u00e7\u00e3o not\u00e1vel representa um sinal de esperan\u00e7a, prevendo-se que o novo pavilh\u00e3o se torne uma refer\u00eancia duradoura para as futuras gera\u00e7\u00f5es, contribuindo para a forma\u00e7\u00e3o de talentos locais.<br><\/p>\n\n\n\n<p>Media MCAE<\/p>\n","protected":false},"excerpt":{"rendered":"<p>O Gabinete do Ministro Coordenador dos Assuntos Econ\u00f3micos (MCAE), atrav\u00e9s do Coordenador-Geral, Jorge Rui de Carvalho Martins, realizou uma visita&#8230;<\/p>\n","protected":false},"author":3,"featured_media":4046,"comment_status":"closed","ping_status":"open","sticky":false,"template":"","format":"standard","meta":{"om_disable_all_campaigns":false,"_monsterinsights_skip_tracking":false,"_monsterinsights_sitenote_active":false,"_monsterinsights_sitenote_note":"","_monsterinsights_sitenote_category":0,"ultp_fs_post_author":"","ultp_fs_post_email":"","ultp_fs_post_author_url":"","footnotes":""},"categories":[124,120],"tags":[],"class_list":["post-4050","post","type-post","status-publish","format-standard","has-post-thumbnail","hentry","category-nacional","category-noticias"],"_links":{"self":[{"href":"https:\/\/mcae.gov.tl\/pt-pt\/wp-json\/wp\/v2\/posts\/4050","targetHints":{"allow":["GET"]}}],"collection":[{"href":"https:\/\/mcae.gov.tl\/pt-pt\/wp-json\/wp\/v2\/posts"}],"about":[{"href":"https:\/\/mcae.gov.tl\/pt-pt\/wp-json\/wp\/v2\/types\/post"}],"author":[{"embeddable":true,"href":"https:\/\/mcae.gov.tl\/pt-pt\/wp-json\/wp\/v2\/users\/3"}],"replies":[{"embeddable":true,"href":"https:\/\/mcae.gov.tl\/pt-pt\/wp-json\/wp\/v2\/comments?post=4050"}],"version-history":[{"count":1,"href":"https:\/\/mcae.gov.tl\/pt-pt\/wp-json\/wp\/v2\/posts\/4050\/revisions"}],"predecessor-version":[{"id":4051,"href":"https:\/\/mcae.gov.tl\/pt-pt\/wp-json\/wp\/v2\/posts\/4050\/revisions\/4051"}],"wp:featuredmedia":[{"embeddable":true,"href":"https:\/\/mcae.gov.tl\/pt-pt\/wp-json\/wp\/v2\/media\/4046"}],"wp:attachment":[{"href":"https:\/\/mcae.gov.tl\/pt-pt\/wp-json\/wp\/v2\/media?parent=4050"}],"wp:term":[{"taxonomy":"category","embeddable":true,"href":"https:\/\/mcae.gov.tl\/pt-pt\/wp-json\/wp\/v2\/categories?post=4050"},{"taxonomy":"post_tag","embeddable":true,"href":"https:\/\/mcae.gov.tl\/pt-pt\/wp-json\/wp\/v2\/tags?post=4050"}],"curies":[{"name":"wp","href":"https:\/\/api.w.org\/{rel}","templated":true}]}}