{"id":4033,"date":"2025-10-07T15:58:25","date_gmt":"2025-10-07T06:58:25","guid":{"rendered":"https:\/\/mcae.gov.tl\/?p=4033"},"modified":"2025-10-08T16:01:31","modified_gmt":"2025-10-08T07:01:31","slug":"australia-comprometida-em-apoiar-timor-leste-apos-a-adesao-a-asean","status":"publish","type":"post","link":"https:\/\/mcae.gov.tl\/pt-pt\/australia-comprometida-em-apoiar-timor-leste-apos-a-adesao-a-asean\/","title":{"rendered":"Austr\u00e1lia Comprometida em Apoiar Timor-Leste Ap\u00f3s a Ades\u00e3o \u00e0 ASEAN"},"content":{"rendered":"\n<p>O Vice-Primeiro-Ministro (V-PM), Ministro Coordenador dos Assuntos Econ\u00f3micos (MCAE) e Ministro do Turismo e Ambiente (MTA), Francisco Kalbuadi Lay, recebeu a visita de cortesia da Embaixadora da Austr\u00e1lia em Timor-Leste, Caitlin Wilson, com o objetivo de discutir a continuidade da coopera\u00e7\u00e3o bilateral e reafirmar o compromisso da Austr\u00e1lia em apoiar Timor-Leste ap\u00f3s a sua ades\u00e3o ao bloco regional da Associa\u00e7\u00e3o das Na\u00e7\u00f5es do Sudeste Asi\u00e1tico (ASEAN), prevista para outubro de 2025.<br><\/p>\n\n\n\n<p>O encontro entre a Embaixadora Caitlin Wilson e o Vice-Primeiro-Ministro, Ministro Coordenador dos Assuntos Econ\u00f3micos e Ministro do Turismo e Ambiente, Francisco Kalbuadi Lay, teve lugar no Gabinete do Vice-Primeiro-Ministro, em Farol, D\u00edli.<br><\/p>\n\n\n\n<p>Durante a reuni\u00e3o, a diplomata australiana fez uma atualiza\u00e7\u00e3o ao Vice-Primeiro-Ministro sobre o F\u00f3rum de Economia e Neg\u00f3cios entre Timor-Leste e a Austr\u00e1lia, recentemente realizado em D\u00edli, em agosto de 2025. Al\u00e9m disso, abordaram quest\u00f5es relacionadas com o refor\u00e7o de capacidades dos trabalhadores timorenses atrav\u00e9s do programa PALM (Pacific Australia Labour Mobility) e de outras iniciativas de coopera\u00e7\u00e3o laboral e econ\u00f3mica.<br><\/p>\n\n\n\n<p>M\u00e9dia V-PM e MCAE<\/p>\n","protected":false},"excerpt":{"rendered":"<p>O Vice-Primeiro-Ministro (V-PM), Ministro Coordenador dos Assuntos Econ\u00f3micos (MCAE) e Ministro do Turismo e Ambiente (MTA), Francisco Kalbuadi Lay, recebeu&#8230;<\/p>\n","protected":false},"author":4,"featured_media":4034,"comment_status":"closed","ping_status":"open","sticky":false,"template":"","format":"standard","meta":{"om_disable_all_campaigns":false,"_monsterinsights_skip_tracking":false,"_monsterinsights_sitenote_active":false,"_monsterinsights_sitenote_note":"","_monsterinsights_sitenote_category":0,"ultp_fs_post_author":"","ultp_fs_post_email":"","ultp_fs_post_author_url":"","footnotes":""},"categories":[124,120],"tags":[],"class_list":["post-4033","post","type-post","status-publish","format-standard","has-post-thumbnail","hentry","category-nacional","category-noticias"],"_links":{"self":[{"href":"https:\/\/mcae.gov.tl\/pt-pt\/wp-json\/wp\/v2\/posts\/4033","targetHints":{"allow":["GET"]}}],"collection":[{"href":"https:\/\/mcae.gov.tl\/pt-pt\/wp-json\/wp\/v2\/posts"}],"about":[{"href":"https:\/\/mcae.gov.tl\/pt-pt\/wp-json\/wp\/v2\/types\/post"}],"author":[{"embeddable":true,"href":"https:\/\/mcae.gov.tl\/pt-pt\/wp-json\/wp\/v2\/users\/4"}],"replies":[{"embeddable":true,"href":"https:\/\/mcae.gov.tl\/pt-pt\/wp-json\/wp\/v2\/comments?post=4033"}],"version-history":[{"count":1,"href":"https:\/\/mcae.gov.tl\/pt-pt\/wp-json\/wp\/v2\/posts\/4033\/revisions"}],"predecessor-version":[{"id":4037,"href":"https:\/\/mcae.gov.tl\/pt-pt\/wp-json\/wp\/v2\/posts\/4033\/revisions\/4037"}],"wp:featuredmedia":[{"embeddable":true,"href":"https:\/\/mcae.gov.tl\/pt-pt\/wp-json\/wp\/v2\/media\/4034"}],"wp:attachment":[{"href":"https:\/\/mcae.gov.tl\/pt-pt\/wp-json\/wp\/v2\/media?parent=4033"}],"wp:term":[{"taxonomy":"category","embeddable":true,"href":"https:\/\/mcae.gov.tl\/pt-pt\/wp-json\/wp\/v2\/categories?post=4033"},{"taxonomy":"post_tag","embeddable":true,"href":"https:\/\/mcae.gov.tl\/pt-pt\/wp-json\/wp\/v2\/tags?post=4033"}],"curies":[{"name":"wp","href":"https:\/\/api.w.org\/{rel}","templated":true}]}}