{"id":4015,"date":"2025-10-03T08:25:36","date_gmt":"2025-10-02T23:25:36","guid":{"rendered":"https:\/\/mcae.gov.tl\/?p=4015"},"modified":"2025-10-07T08:27:40","modified_gmt":"2025-10-06T23:27:40","slug":"coordenador-geral-encerra-formacao-sobre-cooperativas-de-bambu-em-maubisse","status":"publish","type":"post","link":"https:\/\/mcae.gov.tl\/pt-pt\/coordenador-geral-encerra-formacao-sobre-cooperativas-de-bambu-em-maubisse\/","title":{"rendered":"Coordenador-Geral Encerra Forma\u00e7\u00e3o sobre Cooperativas de Bambu em Maubisse"},"content":{"rendered":"\n<p>Maubisse, 3 de outubro de 2025<\/p>\n\n\n\n<p><br>O Coordenador-Geral do Gabinete do Ministro Coordenador dos Assuntos Econ\u00f3micos (MCAE), Jorge Rui de Carvalho Martins, realizou uma visita de trabalho ao Munic\u00edpio de Ainaro, Posto Administrativo de Maubisse, para proceder ao encerramento da forma\u00e7\u00e3o sobre Cooperativas de Bambu, reconhecendo o grande potencial que o bambu representa para capacitar as comunidades na sua utiliza\u00e7\u00e3o sustent\u00e1vel em Timor-Leste.<br><\/p>\n\n\n\n<p>\u201cHoje pude ouvir a vis\u00e3o dos membros da cooperativa sobre a sua miss\u00e3o. Tal como referi a Sua Excel\u00eancia o Secret\u00e1rio de Estado das Cooperativas, \u00e9 essencial que se continue a discutir e a refor\u00e7ar essa miss\u00e3o, pois o bambu \u00e9 uma planta de f\u00e1cil cultivo, com um ciclo de crescimento r\u00e1pido e altamente relevante para o nosso contexto,\u201d afirmou o Coordenador-Geral do MCAE.<br><\/p>\n\n\n\n<p>O respons\u00e1vel destacou ainda que esta \u00e9 uma honra significativa para o MCAE, por poder acompanhar uma sess\u00e3o de enorme import\u00e2ncia, uma vez que as atividades relacionadas com o bambu refletem a valoriza\u00e7\u00e3o dos produtos florestais, n\u00e3o apenas enquanto recursos naturais, mas como elementos estrat\u00e9gicos de desenvolvimento.<br><\/p>\n\n\n\n<p>\u201cO bambu, como todos sabemos, n\u00e3o \u00e9 apenas uma planta com valor ecol\u00f3gico; \u00e9 tamb\u00e9m um recurso estrat\u00e9gico para a subsist\u00eancia das fam\u00edlias, sobretudo das que vivem nas zonas rurais e florestais,\u201d sublinhou.<br>O Coordenador-Geral do MCAE refor\u00e7ou que, num pa\u00eds como Timor-Leste \u2014 com um ecossistema \u00fanico \u2014 o bambu constitui uma base fundamental do patrim\u00f3nio cultural nacional, oferecendo igualmente uma ponte natural para o crescimento econ\u00f3mico sustent\u00e1vel e para a boa gest\u00e3o dos recursos florestais.<br>Acrescentou ainda que o IX Governo Constitucional, no \u00e2mbito da sua estrat\u00e9gia para a Economia Azul e Verde, reconhece que o desenvolvimento rural deve assentar em iniciativas de economia de base, nas quais as fam\u00edlias desempenham um papel essencial, e que as cooperativas s\u00e3o mecanismos-chave para promover essa economia familiar.<br><\/p>\n\n\n\n<p>\u201cQuero expressar o meu profundo agradecimento \u00e0s autoridades locais \u2014 ao Presidente da Autoridade Municipal, ao Administrador do Posto Administrativo, aos Chefes de Suco e de Aldeia, e a todos os l\u00edderes comunit\u00e1rios \u2014 pelo seu compromisso e pela parceria demonstrada, garantindo que iniciativas como esta n\u00e3o se perdem, mas se tornam pilares do desenvolvimento econ\u00f3mico local,\u201d referiu o Coordenador-Geral.<br>Manifestou tamb\u00e9m confian\u00e7a de que o crescimento econ\u00f3mico ser\u00e1 uma realidade atrav\u00e9s da juventude presente, que assume a responsabilidade de manter viva a valoriza\u00e7\u00e3o dos recursos naturais de Timor-Leste, como o bambu.<br><\/p>\n\n\n\n<p>O Coordenador salientou que os benef\u00edcios deste projeto devem ser tang\u00edveis e inclusivos, alcan\u00e7ando todas as pessoas, promovendo o esp\u00edrito de comunidade dentro da cooperativa e assegurando que os recursos naturais do pa\u00eds n\u00e3o s\u00f3 sustentam o ambiente, mas tamb\u00e9m fortalecem o povo e beneficiam as gera\u00e7\u00f5es futuras.<br>\u201cMais uma vez, parab\u00e9ns aos jovens, e parab\u00e9ns a todas as entidades envolvidas, desde o in\u00edcio deste processo at\u00e9 ao compromisso final aqui demonstrado. Deixo o meu sincero agradecimento e felicita\u00e7\u00f5es a todos,\u201d concluiu o Coordenador-Geral do MCAE, Jorge Rui de Carvalho Martins.<br><\/p>\n\n\n\n<p>Media MCAE<\/p>\n","protected":false},"excerpt":{"rendered":"<p>Maubisse, 3 de outubro de 2025 O Coordenador-Geral do Gabinete do Ministro Coordenador dos Assuntos Econ\u00f3micos (MCAE), Jorge Rui de&#8230;<\/p>\n","protected":false},"author":3,"featured_media":4005,"comment_status":"closed","ping_status":"open","sticky":false,"template":"","format":"standard","meta":{"om_disable_all_campaigns":false,"_monsterinsights_skip_tracking":false,"_monsterinsights_sitenote_active":false,"_monsterinsights_sitenote_note":"","_monsterinsights_sitenote_category":0,"ultp_fs_post_author":"","ultp_fs_post_email":"","ultp_fs_post_author_url":"","footnotes":""},"categories":[124,120],"tags":[],"class_list":["post-4015","post","type-post","status-publish","format-standard","has-post-thumbnail","hentry","category-nacional","category-noticias"],"_links":{"self":[{"href":"https:\/\/mcae.gov.tl\/pt-pt\/wp-json\/wp\/v2\/posts\/4015","targetHints":{"allow":["GET"]}}],"collection":[{"href":"https:\/\/mcae.gov.tl\/pt-pt\/wp-json\/wp\/v2\/posts"}],"about":[{"href":"https:\/\/mcae.gov.tl\/pt-pt\/wp-json\/wp\/v2\/types\/post"}],"author":[{"embeddable":true,"href":"https:\/\/mcae.gov.tl\/pt-pt\/wp-json\/wp\/v2\/users\/3"}],"replies":[{"embeddable":true,"href":"https:\/\/mcae.gov.tl\/pt-pt\/wp-json\/wp\/v2\/comments?post=4015"}],"version-history":[{"count":1,"href":"https:\/\/mcae.gov.tl\/pt-pt\/wp-json\/wp\/v2\/posts\/4015\/revisions"}],"predecessor-version":[{"id":4016,"href":"https:\/\/mcae.gov.tl\/pt-pt\/wp-json\/wp\/v2\/posts\/4015\/revisions\/4016"}],"wp:featuredmedia":[{"embeddable":true,"href":"https:\/\/mcae.gov.tl\/pt-pt\/wp-json\/wp\/v2\/media\/4005"}],"wp:attachment":[{"href":"https:\/\/mcae.gov.tl\/pt-pt\/wp-json\/wp\/v2\/media?parent=4015"}],"wp:term":[{"taxonomy":"category","embeddable":true,"href":"https:\/\/mcae.gov.tl\/pt-pt\/wp-json\/wp\/v2\/categories?post=4015"},{"taxonomy":"post_tag","embeddable":true,"href":"https:\/\/mcae.gov.tl\/pt-pt\/wp-json\/wp\/v2\/tags?post=4015"}],"curies":[{"name":"wp","href":"https:\/\/api.w.org\/{rel}","templated":true}]}}