{"id":3997,"date":"2025-09-30T09:20:02","date_gmt":"2025-09-30T00:20:02","guid":{"rendered":"https:\/\/mcae.gov.tl\/?p=3997"},"modified":"2025-10-06T09:48:48","modified_gmt":"2025-10-06T00:48:48","slug":"vice-primeiro-ministro-entrega-certificados-a-graduados-no-centro-nacional-de-formmacao-profissional-becora-cnfp","status":"publish","type":"post","link":"https:\/\/mcae.gov.tl\/pt-pt\/vice-primeiro-ministro-entrega-certificados-a-graduados-no-centro-nacional-de-formmacao-profissional-becora-cnfp\/","title":{"rendered":"Vice-Primeiro-Ministro Entrega Certificados a Graduados no Centro Nacional de Forma\u00e7\u00e3o Profissional Becora, (CNFP)."},"content":{"rendered":"\n<p>D\u00edli, 30 de setembro de 2025<\/p>\n\n\n\n<p><br>O Vice-Primeiro-Ministro (V-PM), Ministro Coordenador dos Assuntos Econ\u00f3micos (MCAE) e Ministro do Turismo e do Ambiente (MTA), Francisco Kalbuadi Lay, participou na cerim\u00f3nia de gradua\u00e7\u00e3o e entrega de certificados aos formandos dos N\u00edveis I e II, num total de 94 graduados, no Centro Nacional de Forma\u00e7\u00e3o Profissional (CNFP), em Becora, D\u00edli.<br><\/p>\n\n\n\n<p>O processo formativo decorreu ao longo de tr\u00eas meses, abrangendo as \u00e1reas de Administra\u00e7\u00e3o Geral, Inform\u00e1tica \u2013 Hardware, Limpeza e Servi\u00e7o de Mesa, e contou com a participa\u00e7\u00e3o de jovens rec\u00e9m-formados do ensino secund\u00e1rio, provenientes de institui\u00e7\u00f5es religiosas e tamb\u00e9m do Instituto das For\u00e7as de Defesa de Timor-Leste (F-FDTL).<br><\/p>\n\n\n\n<p>No seu discurso, o Vice-Primeiro-Ministro, Ministro Coordenador dos Assuntos Econ\u00f3micos e Ministro do Turismo e do Ambiente, Francisco Kalbuadi Lay, sublinhou que a entrega dos certificados representa um passo importante para os formandos, em particular para os jovens que agora ingressam no mundo do trabalho. Referiu ainda que a cerim\u00f3nia simboliza o investimento do Estado na sua maior riqueza \u2013 o seu povo, nomeadamente os jovens que se formam e contribuem para o desenvolvimento nacional.<br>O Vice-Primeiro-Ministro destacou tamb\u00e9m que os recursos naturais podem esgotar-se, mas o conhecimento, a compet\u00eancia e a disciplina permanecer\u00e3o. Assim, afirmou que \u00e9 a for\u00e7a de trabalho qualificada e capacitada que conduzir\u00e1 Timor-Leste rumo ao progresso.<br><\/p>\n\n\n\n<p>\u201cCaros jovens, os vossos certificados n\u00e3o s\u00e3o apenas o reconhecimento do vosso esfor\u00e7o, mas tamb\u00e9m o passaporte para o futuro. Com as compet\u00eancias que adquiriram, est\u00e3o preparados para competir no mercado de trabalho \u2014 n\u00e3o apenas em Timor-Leste, mas tamb\u00e9m na regi\u00e3o e no mundo. T\u00eam a responsabilidade de colocar esse conhecimento ao servi\u00e7o das vossas fam\u00edlias e do desenvolvimento da nossa na\u00e7\u00e3o\u201d, declarou o Vice-Primeiro-Ministro, Francisco Kalbuadi Lay.<br><\/p>\n\n\n\n<p>O V-PM acrescentou ainda que os formandos do CNFP-Becora demonstram confian\u00e7a e prepara\u00e7\u00e3o para o mercado de trabalho, representando um exemplo do papel fundamental da forma\u00e7\u00e3o profissional na constru\u00e7\u00e3o de um futuro melhor para os jovens timorenses.<br><\/p>\n\n\n\n<p>Na ocasi\u00e3o, a Diretora do Centro Nacional de Forma\u00e7\u00e3o Profissional (CNFP) \u2013 Becora, Bernardete Pinto Miranda Gomes, manifestou o seu orgulho e satisfa\u00e7\u00e3o pela presen\u00e7a do Vice-Primeiro-Ministro, que veio transmitir motiva\u00e7\u00e3o e encorajamento aos formandos que se preparam para ingressar no mercado laboral.<br>\u201cO nosso esfor\u00e7o \u00e9 proporcionar forma\u00e7\u00e3o de qualidade aos nossos jovens, fortalecendo as suas compet\u00eancias e conhecimentos para que possam responder \u00e0s exig\u00eancias do mercado interno. Trabalhamos continuamente para elevar a qualidade dos nossos formadores, em coopera\u00e7\u00e3o com o INDMO, e garantir uma forma\u00e7\u00e3o profissional de excel\u00eancia\u201d, afirmou a Diretora do CNFP-Becora.<br><\/p>\n\n\n\n<p>Tamb\u00e9m presente na cerim\u00f3nia, a Diretora do Instituto Nacional de Desenvolvimento de M\u00e3o-de-Obra (INDMO, I.P.), Isabel Fernandes de Lima, agradeceu ao CNFP-Becora pelo seu papel na forma\u00e7\u00e3o de cidad\u00e3os timorenses preparados para integrar o mercado de trabalho, tanto a n\u00edvel nacional como internacional.<br>\u201cPe\u00e7o aos jovens graduados: se forem competentes e dedicados, tornar-se-\u00e3o como diamantes \u2014 valiosos e procurados em qualquer lugar onde trabalhem. As oportunidades vir\u00e3o ao vosso encontro\u201d, afirmou a Diretora do INDMO.<br><\/p>\n\n\n\n<p>M\u00e9dia V-PM e MCAE<\/p>\n","protected":false},"excerpt":{"rendered":"<p>D\u00edli, 30 de setembro de 2025 O Vice-Primeiro-Ministro (V-PM), Ministro Coordenador dos Assuntos Econ\u00f3micos (MCAE) e Ministro do Turismo e&#8230;<\/p>\n","protected":false},"author":3,"featured_media":3991,"comment_status":"closed","ping_status":"open","sticky":false,"template":"","format":"standard","meta":{"om_disable_all_campaigns":false,"_monsterinsights_skip_tracking":false,"_monsterinsights_sitenote_active":false,"_monsterinsights_sitenote_note":"","_monsterinsights_sitenote_category":0,"ultp_fs_post_author":"","ultp_fs_post_email":"","ultp_fs_post_author_url":"","footnotes":""},"categories":[124,120],"tags":[],"class_list":["post-3997","post","type-post","status-publish","format-standard","has-post-thumbnail","hentry","category-nacional","category-noticias"],"_links":{"self":[{"href":"https:\/\/mcae.gov.tl\/pt-pt\/wp-json\/wp\/v2\/posts\/3997","targetHints":{"allow":["GET"]}}],"collection":[{"href":"https:\/\/mcae.gov.tl\/pt-pt\/wp-json\/wp\/v2\/posts"}],"about":[{"href":"https:\/\/mcae.gov.tl\/pt-pt\/wp-json\/wp\/v2\/types\/post"}],"author":[{"embeddable":true,"href":"https:\/\/mcae.gov.tl\/pt-pt\/wp-json\/wp\/v2\/users\/3"}],"replies":[{"embeddable":true,"href":"https:\/\/mcae.gov.tl\/pt-pt\/wp-json\/wp\/v2\/comments?post=3997"}],"version-history":[{"count":3,"href":"https:\/\/mcae.gov.tl\/pt-pt\/wp-json\/wp\/v2\/posts\/3997\/revisions"}],"predecessor-version":[{"id":4001,"href":"https:\/\/mcae.gov.tl\/pt-pt\/wp-json\/wp\/v2\/posts\/3997\/revisions\/4001"}],"wp:featuredmedia":[{"embeddable":true,"href":"https:\/\/mcae.gov.tl\/pt-pt\/wp-json\/wp\/v2\/media\/3991"}],"wp:attachment":[{"href":"https:\/\/mcae.gov.tl\/pt-pt\/wp-json\/wp\/v2\/media?parent=3997"}],"wp:term":[{"taxonomy":"category","embeddable":true,"href":"https:\/\/mcae.gov.tl\/pt-pt\/wp-json\/wp\/v2\/categories?post=3997"},{"taxonomy":"post_tag","embeddable":true,"href":"https:\/\/mcae.gov.tl\/pt-pt\/wp-json\/wp\/v2\/tags?post=3997"}],"curies":[{"name":"wp","href":"https:\/\/api.w.org\/{rel}","templated":true}]}}