{"id":3984,"date":"2025-10-02T12:43:01","date_gmt":"2025-10-02T03:43:01","guid":{"rendered":"https:\/\/mcae.gov.tl\/?p=3984"},"modified":"2025-11-07T16:01:14","modified_gmt":"2025-11-07T07:01:14","slug":"reuniao-do-coordenador-geral-do-gabinete-do-mcae-com-a-estrutura-do-ccd","status":"publish","type":"post","link":"https:\/\/mcae.gov.tl\/pt-pt\/reuniao-do-coordenador-geral-do-gabinete-do-mcae-com-a-estrutura-do-ccd\/","title":{"rendered":"O Coordenador-Geral do Gabinete do Ministro Coordenador dos Assuntos Econ\u00f3micos (MCAE) re\u00fane-se com a estrutura do Centro de Conven\u00e7\u00f5es de D\u00edli (CCD)."},"content":{"rendered":"\n<p class=\"has-text-align-left\">O Coordenador-Geral do Gabinete do MCAE, Jorge Rui de Carvalho Martins, realizou uma reuni\u00e3o com a estrutura do CCD para discutir a decis\u00e3o do IX Governo Constitucional de colocar o CCD sob a supervis\u00e3o do MCAE.<br><\/p>\n\n\n\n<p class=\"has-text-align-left\">Nesta reuni\u00e3o, o Coordenador-Geral apresentou tr\u00eas decis\u00f5es importantes do Governo: a redu\u00e7\u00e3o dos trabalhadores ocasionais, o ajustamento e redu\u00e7\u00e3o de sal\u00e1rios, e o ajustamento dos sal\u00e1rios com base no n\u00edvel de habilita\u00e7\u00f5es acad\u00e9micas.<br><\/p>\n\n\n\n<p class=\"has-text-align-left\">Sublinhou que estas decis\u00f5es s\u00e3o finais e devem ser implementadas de acordo com os regulamentos do servi\u00e7o p\u00fablico. Este ano \u00e9 o ano para implementar a pol\u00edtica do Governo, conforme sublinhado pelo Primeiro-Ministro.<br>O Coordenador-Geral tamb\u00e9m recordou a todos os funcion\u00e1rios a import\u00e2ncia de trabalharem com responsabilidade e de apoiarem a pol\u00edtica do Governo para o bem comum.<br><\/p>\n\n\n\n<p class=\"has-text-align-left\">Media MCAE<\/p>\n\n\n\n<p class=\"has-text-align-left\"><\/p>\n","protected":false},"excerpt":{"rendered":"<p>O Coordenador-Geral do Gabinete do MCAE, Jorge Rui de Carvalho Martins, realizou uma reuni\u00e3o com a estrutura do CCD para&#8230;<\/p>\n","protected":false},"author":3,"featured_media":3957,"comment_status":"closed","ping_status":"open","sticky":false,"template":"","format":"standard","meta":{"om_disable_all_campaigns":false,"_monsterinsights_skip_tracking":false,"_monsterinsights_sitenote_active":false,"_monsterinsights_sitenote_note":"","_monsterinsights_sitenote_category":0,"ultp_fs_post_author":"","ultp_fs_post_email":"","ultp_fs_post_author_url":"","footnotes":""},"categories":[118],"tags":[],"class_list":["post-3984","post","type-post","status-publish","format-standard","has-post-thumbnail","hentry","category-comunicados"],"_links":{"self":[{"href":"https:\/\/mcae.gov.tl\/pt-pt\/wp-json\/wp\/v2\/posts\/3984","targetHints":{"allow":["GET"]}}],"collection":[{"href":"https:\/\/mcae.gov.tl\/pt-pt\/wp-json\/wp\/v2\/posts"}],"about":[{"href":"https:\/\/mcae.gov.tl\/pt-pt\/wp-json\/wp\/v2\/types\/post"}],"author":[{"embeddable":true,"href":"https:\/\/mcae.gov.tl\/pt-pt\/wp-json\/wp\/v2\/users\/3"}],"replies":[{"embeddable":true,"href":"https:\/\/mcae.gov.tl\/pt-pt\/wp-json\/wp\/v2\/comments?post=3984"}],"version-history":[{"count":2,"href":"https:\/\/mcae.gov.tl\/pt-pt\/wp-json\/wp\/v2\/posts\/3984\/revisions"}],"predecessor-version":[{"id":4166,"href":"https:\/\/mcae.gov.tl\/pt-pt\/wp-json\/wp\/v2\/posts\/3984\/revisions\/4166"}],"wp:featuredmedia":[{"embeddable":true,"href":"https:\/\/mcae.gov.tl\/pt-pt\/wp-json\/wp\/v2\/media\/3957"}],"wp:attachment":[{"href":"https:\/\/mcae.gov.tl\/pt-pt\/wp-json\/wp\/v2\/media?parent=3984"}],"wp:term":[{"taxonomy":"category","embeddable":true,"href":"https:\/\/mcae.gov.tl\/pt-pt\/wp-json\/wp\/v2\/categories?post=3984"},{"taxonomy":"post_tag","embeddable":true,"href":"https:\/\/mcae.gov.tl\/pt-pt\/wp-json\/wp\/v2\/tags?post=3984"}],"curies":[{"name":"wp","href":"https:\/\/api.w.org\/{rel}","templated":true}]}}