{"id":3945,"date":"2025-09-26T10:33:10","date_gmt":"2025-09-26T01:33:10","guid":{"rendered":"https:\/\/mcae.gov.tl\/?p=3945"},"modified":"2025-09-30T10:36:27","modified_gmt":"2025-09-30T01:36:27","slug":"vice-primeiro-ministro-lanca-portal-do-gabinete-do-mcae","status":"publish","type":"post","link":"https:\/\/mcae.gov.tl\/pt-pt\/vice-primeiro-ministro-lanca-portal-do-gabinete-do-mcae\/","title":{"rendered":"Vice-Primeiro-Ministro Lan\u00e7a Portal do Gabinete do MCAE"},"content":{"rendered":"\n<p>o Vice-Primeiro-Ministro (V-PM), Ministro Coordenador dos Assuntos Econ\u00f3micos (MCAE) e Ministro do Turismo e Ambiente (MTA), Francisco Kalbuadi Lay, procedeu ao lan\u00e7amento do Portal do Gabinete do Ministro Coordenador dos Assuntos Econ\u00f3micos (MCAE), durante a cerim\u00f3nia comemorativa do primeiro anivers\u00e1rio da ades\u00e3o de Timor-Leste \u00e0 Organiza\u00e7\u00e3o Mundial do Com\u00e9rcio (OMC), realizada no Centro de Conven\u00e7\u00f5es de D\u00edli (CCD).<br>O Portal do Gabinete do MCAE foi oficialmente lan\u00e7ado pelo Vice-Primeiro-Ministro e Ministro Coordenador dos Assuntos Econ\u00f3micos. Trata-se de um instrumento p\u00fablico de acesso digital que permitir\u00e1 disponibilizar, de forma transparente e acess\u00edvel, informa\u00e7\u00f5es relevantes sobre as atividades do Vice-Primeiro-Ministro, do Ministro Coordenador dos Assuntos Econ\u00f3micos e do Ministro do Turismo e Ambiente.<br>A informa\u00e7\u00e3o disponibilizada no referido Portal abrange, em particular, as principais \u00e1reas estrat\u00e9gicas constantes no seu menu, nomeadamente: OMC, ASEAN, setor privado, neg\u00f3cios e investimento, economia azul e economia verde. Assim, o p\u00fablico poder\u00e1 igualmente aceder, a documentos e conte\u00fados relevantes atrav\u00e9s do link <span style=\"text-decoration: underline;\">www.mcae.gov.tl.<\/span><\/p>\n","protected":false},"excerpt":{"rendered":"<p>o Vice-Primeiro-Ministro (V-PM), Ministro Coordenador dos Assuntos Econ\u00f3micos (MCAE) e Ministro do Turismo e Ambiente (MTA), Francisco Kalbuadi Lay, procedeu&#8230;<\/p>\n","protected":false},"author":3,"featured_media":3939,"comment_status":"closed","ping_status":"open","sticky":false,"template":"","format":"standard","meta":{"om_disable_all_campaigns":false,"_monsterinsights_skip_tracking":false,"_monsterinsights_sitenote_active":false,"_monsterinsights_sitenote_note":"","_monsterinsights_sitenote_category":0,"ultp_fs_post_author":"","ultp_fs_post_email":"","ultp_fs_post_author_url":"","footnotes":""},"categories":[124,120],"tags":[],"class_list":["post-3945","post","type-post","status-publish","format-standard","has-post-thumbnail","hentry","category-nacional","category-noticias"],"_links":{"self":[{"href":"https:\/\/mcae.gov.tl\/pt-pt\/wp-json\/wp\/v2\/posts\/3945","targetHints":{"allow":["GET"]}}],"collection":[{"href":"https:\/\/mcae.gov.tl\/pt-pt\/wp-json\/wp\/v2\/posts"}],"about":[{"href":"https:\/\/mcae.gov.tl\/pt-pt\/wp-json\/wp\/v2\/types\/post"}],"author":[{"embeddable":true,"href":"https:\/\/mcae.gov.tl\/pt-pt\/wp-json\/wp\/v2\/users\/3"}],"replies":[{"embeddable":true,"href":"https:\/\/mcae.gov.tl\/pt-pt\/wp-json\/wp\/v2\/comments?post=3945"}],"version-history":[{"count":2,"href":"https:\/\/mcae.gov.tl\/pt-pt\/wp-json\/wp\/v2\/posts\/3945\/revisions"}],"predecessor-version":[{"id":3948,"href":"https:\/\/mcae.gov.tl\/pt-pt\/wp-json\/wp\/v2\/posts\/3945\/revisions\/3948"}],"wp:featuredmedia":[{"embeddable":true,"href":"https:\/\/mcae.gov.tl\/pt-pt\/wp-json\/wp\/v2\/media\/3939"}],"wp:attachment":[{"href":"https:\/\/mcae.gov.tl\/pt-pt\/wp-json\/wp\/v2\/media?parent=3945"}],"wp:term":[{"taxonomy":"category","embeddable":true,"href":"https:\/\/mcae.gov.tl\/pt-pt\/wp-json\/wp\/v2\/categories?post=3945"},{"taxonomy":"post_tag","embeddable":true,"href":"https:\/\/mcae.gov.tl\/pt-pt\/wp-json\/wp\/v2\/tags?post=3945"}],"curies":[{"name":"wp","href":"https:\/\/api.w.org\/{rel}","templated":true}]}}