{"id":3930,"date":"2025-09-08T13:35:49","date_gmt":"2025-09-08T04:35:49","guid":{"rendered":"https:\/\/mcae.gov.tl\/?p=3930"},"modified":"2025-11-07T16:12:35","modified_gmt":"2025-11-07T07:12:35","slug":"mcae-facilita-formacao-em-contabilidade-para-o-setor-privado-sob-o-tema-inicie-o-seu-negocio","status":"publish","type":"post","link":"https:\/\/mcae.gov.tl\/pt-pt\/mcae-facilita-formacao-em-contabilidade-para-o-setor-privado-sob-o-tema-inicie-o-seu-negocio\/","title":{"rendered":"O MINISTRO COORDENADOR DOS ASSUNTOS ECON\u00d3MICOS (MCAE) Facilita Forma\u00e7\u00e3o em Contabilidade para o Setor Privado: \u201cStart Your Business\u201d."},"content":{"rendered":"\n<p>O Gabinete do MCAE, atrav\u00e9s da Unidade Estrat\u00e9gica para Integra\u00e7\u00e3o Econ\u00f3mica (SUEI) \u2013 sob a Sec\u00e7\u00e3o do Setor Privado, em colabora\u00e7\u00e3o com o IADE, realizou uma forma\u00e7\u00e3o de cinco dias intitulada \u201cContabilidade: Start Your Business\u201d para Pequenas e M\u00e9dias Empresas (PMEs) em Bobonaro e Baucau.<br><\/p>\n\n\n\n<p>A forma\u00e7\u00e3o tem como objetivo melhorar a compreens\u00e3o dos participantes sobre contabilidade b\u00e1sica, planeamento de neg\u00f3cios, pesquisa de mercado e gest\u00e3o de fluxo de caixa, de forma a permitir uma gest\u00e3o sustent\u00e1vel dos seus neg\u00f3cios.<br><\/p>\n\n\n\n<p>Esta atividade decorre do acompanhamento efetuado pelo MCAE a 117 grupos benefici\u00e1rios de apoio p\u00fablico entre 2023\u20132024, que indicou a necessidade de refor\u00e7ar as compet\u00eancias de contabilidade ao n\u00edvel das Micro, Pequenas e M\u00e9dias Empresas (MPMEs). Este apoio est\u00e1 igualmente alinhado com a pol\u00edtica de transfer\u00eancias p\u00fablicas estabelecida no Regulamento Governamental n.\u00ba 01\/2009 e no Diploma Ministerial n.\u00ba 01\/2027\/2020 sobre Subs\u00eddios P\u00fablicos.<br><\/p>\n\n\n\n<p>A forma\u00e7\u00e3o em Bobonaro foi conduzida pelo Diretor do IADE-CDE, Paulo Bonifacio, e a sua equipa, acompanhados por Herminia de Deus, Chefe da Sec\u00e7\u00e3o do Setor Privado sob responsabilidade do MCAE. Em Baucau, a forma\u00e7\u00e3o foi conduzida pela Diretora do IADE-CDE, Ana Maria da Costa Freitas, e a sua equipa, acompanhados por Francisco Xavier, Chefe da Unidade de Monitoriza\u00e7\u00e3o e Avalia\u00e7\u00e3o sob responsabilidade do MCAE.<br>Media MCAE<\/p>\n","protected":false},"excerpt":{"rendered":"<p>O Gabinete do MCAE, atrav\u00e9s da Unidade Estrat\u00e9gica para Integra\u00e7\u00e3o Econ\u00f3mica (SUEI) \u2013 sob a Sec\u00e7\u00e3o do Setor Privado, em&#8230;<\/p>\n","protected":false},"author":3,"featured_media":3874,"comment_status":"closed","ping_status":"open","sticky":false,"template":"","format":"standard","meta":{"om_disable_all_campaigns":false,"_monsterinsights_skip_tracking":false,"_monsterinsights_sitenote_active":false,"_monsterinsights_sitenote_note":"","_monsterinsights_sitenote_category":0,"ultp_fs_post_author":"","ultp_fs_post_email":"","ultp_fs_post_author_url":"","footnotes":""},"categories":[114,118],"tags":[],"class_list":["post-3930","post","type-post","status-publish","format-standard","has-post-thumbnail","hentry","category-anuncios","category-comunicados"],"_links":{"self":[{"href":"https:\/\/mcae.gov.tl\/pt-pt\/wp-json\/wp\/v2\/posts\/3930","targetHints":{"allow":["GET"]}}],"collection":[{"href":"https:\/\/mcae.gov.tl\/pt-pt\/wp-json\/wp\/v2\/posts"}],"about":[{"href":"https:\/\/mcae.gov.tl\/pt-pt\/wp-json\/wp\/v2\/types\/post"}],"author":[{"embeddable":true,"href":"https:\/\/mcae.gov.tl\/pt-pt\/wp-json\/wp\/v2\/users\/3"}],"replies":[{"embeddable":true,"href":"https:\/\/mcae.gov.tl\/pt-pt\/wp-json\/wp\/v2\/comments?post=3930"}],"version-history":[{"count":2,"href":"https:\/\/mcae.gov.tl\/pt-pt\/wp-json\/wp\/v2\/posts\/3930\/revisions"}],"predecessor-version":[{"id":4172,"href":"https:\/\/mcae.gov.tl\/pt-pt\/wp-json\/wp\/v2\/posts\/3930\/revisions\/4172"}],"wp:featuredmedia":[{"embeddable":true,"href":"https:\/\/mcae.gov.tl\/pt-pt\/wp-json\/wp\/v2\/media\/3874"}],"wp:attachment":[{"href":"https:\/\/mcae.gov.tl\/pt-pt\/wp-json\/wp\/v2\/media?parent=3930"}],"wp:term":[{"taxonomy":"category","embeddable":true,"href":"https:\/\/mcae.gov.tl\/pt-pt\/wp-json\/wp\/v2\/categories?post=3930"},{"taxonomy":"post_tag","embeddable":true,"href":"https:\/\/mcae.gov.tl\/pt-pt\/wp-json\/wp\/v2\/tags?post=3930"}],"curies":[{"name":"wp","href":"https:\/\/api.w.org\/{rel}","templated":true}]}}