{"id":3928,"date":"2025-09-26T13:30:37","date_gmt":"2025-09-26T04:30:37","guid":{"rendered":"https:\/\/mcae.gov.tl\/?p=3928"},"modified":"2025-09-29T13:32:50","modified_gmt":"2025-09-29T04:32:50","slug":"celebracao-do-primeiro-aniversario-da-adesao-de-timor-leste-a-omc","status":"publish","type":"post","link":"https:\/\/mcae.gov.tl\/pt-pt\/celebracao-do-primeiro-aniversario-da-adesao-de-timor-leste-a-omc\/","title":{"rendered":"Celebra\u00e7\u00e3o do Primeiro Anivers\u00e1rio da Ades\u00e3o de Timor-Leste \u00e0 OMC"},"content":{"rendered":"\n<p>O Vice-Primeiro-Ministro (V-PM), Ministro Coordenador dos Assuntos Econ\u00f3micos (MCAE) e Ministro do Turismo e do Ambiente (MTA), Francisco Kalbuadi Lay, participou, juntamente com parceiros de desenvolvimento, a International Finance Corporation (IFC), representantes do setor privado e outros minist\u00e9rios relevantes, na celebra\u00e7\u00e3o do primeiro anivers\u00e1rio da ades\u00e3o de Timor-Leste como membro pleno da Organiza\u00e7\u00e3o Mundial do Com\u00e9rcio (OMC), realizada no CCD, em D\u00edli.<\/p>\n\n\n\n<p><br>O pacote de ades\u00e3o de Timor-Leste \u00e0 OMC foi assinado pelo Vice-Primeiro-Ministro, Ministro Coordenador dos Assuntos Econ\u00f3micos e Ministro do Turismo e do Ambiente, Francisco Kalbuadi Lay, na 13.\u00aa Confer\u00eancia Ministerial da OMC, realizada em Abu Dhabi, Emirados \u00c1rabes Unidos, no dia 26 de fevereiro de 2024, marco fundamental no objetivo de liberalizar o com\u00e9rcio, integrar-se na economia global e facilitar o acesso aos mercados internacionais.<br>Na ocasi\u00e3o do primeiro anivers\u00e1rio da ades\u00e3o, o Vice-Primeiro-Ministro destacou que este sucesso resultou do esfor\u00e7o coletivo:<\/p>\n\n\n\n<p><br>\u201cEste \u00e9 um sucesso de todos n\u00f3s e hoje celebramos um ano desde que Timor-Leste se tornou membro pleno da OMC\u201d, afirmou o V-PM.<br>A ades\u00e3o de Timor-Leste \u00e0 OMC constitui uma conquista de grande relev\u00e2ncia hist\u00f3rica, sendo considerada um dos processos de ades\u00e3o mais r\u00e1pidos da hist\u00f3ria da Organiza\u00e7\u00e3o. Em apenas sete anos, Timor-Leste conseguiu cumprir todos os requisitos para a ades\u00e3o plena, quando outros pa\u00edses levaram at\u00e9 duas d\u00e9cadas e outros continuam ainda em processo de negocia\u00e7\u00e3o.<\/p>\n\n\n\n<p><br>Tal como a integra\u00e7\u00e3o na ASEAN, a ades\u00e3o \u00e0 Organiza\u00e7\u00e3o Mundial do Com\u00e9rcio representa um marco hist\u00f3rico no percurso de Timor-Leste, refletindo o compromisso nacional em integrar-se na comunidade internacional e em impulsionar o desenvolvimento econ\u00f3mico de forma inclusiva e sustent\u00e1vel.<br>M\u00e9dia V-PM e MCAE<\/p>\n","protected":false},"excerpt":{"rendered":"<p>O Vice-Primeiro-Ministro (V-PM), Ministro Coordenador dos Assuntos Econ\u00f3micos (MCAE) e Ministro do Turismo e do Ambiente (MTA), Francisco Kalbuadi Lay,&#8230;<\/p>\n","protected":false},"author":3,"featured_media":3925,"comment_status":"closed","ping_status":"open","sticky":false,"template":"","format":"standard","meta":{"om_disable_all_campaigns":false,"_monsterinsights_skip_tracking":false,"_monsterinsights_sitenote_active":false,"_monsterinsights_sitenote_note":"","_monsterinsights_sitenote_category":0,"ultp_fs_post_author":"","ultp_fs_post_email":"","ultp_fs_post_author_url":"","footnotes":""},"categories":[124,120],"tags":[],"class_list":["post-3928","post","type-post","status-publish","format-standard","has-post-thumbnail","hentry","category-nacional","category-noticias"],"_links":{"self":[{"href":"https:\/\/mcae.gov.tl\/pt-pt\/wp-json\/wp\/v2\/posts\/3928","targetHints":{"allow":["GET"]}}],"collection":[{"href":"https:\/\/mcae.gov.tl\/pt-pt\/wp-json\/wp\/v2\/posts"}],"about":[{"href":"https:\/\/mcae.gov.tl\/pt-pt\/wp-json\/wp\/v2\/types\/post"}],"author":[{"embeddable":true,"href":"https:\/\/mcae.gov.tl\/pt-pt\/wp-json\/wp\/v2\/users\/3"}],"replies":[{"embeddable":true,"href":"https:\/\/mcae.gov.tl\/pt-pt\/wp-json\/wp\/v2\/comments?post=3928"}],"version-history":[{"count":1,"href":"https:\/\/mcae.gov.tl\/pt-pt\/wp-json\/wp\/v2\/posts\/3928\/revisions"}],"predecessor-version":[{"id":3929,"href":"https:\/\/mcae.gov.tl\/pt-pt\/wp-json\/wp\/v2\/posts\/3928\/revisions\/3929"}],"wp:featuredmedia":[{"embeddable":true,"href":"https:\/\/mcae.gov.tl\/pt-pt\/wp-json\/wp\/v2\/media\/3925"}],"wp:attachment":[{"href":"https:\/\/mcae.gov.tl\/pt-pt\/wp-json\/wp\/v2\/media?parent=3928"}],"wp:term":[{"taxonomy":"category","embeddable":true,"href":"https:\/\/mcae.gov.tl\/pt-pt\/wp-json\/wp\/v2\/categories?post=3928"},{"taxonomy":"post_tag","embeddable":true,"href":"https:\/\/mcae.gov.tl\/pt-pt\/wp-json\/wp\/v2\/tags?post=3928"}],"curies":[{"name":"wp","href":"https:\/\/api.w.org\/{rel}","templated":true}]}}