{"id":3782,"date":"2025-09-23T12:31:16","date_gmt":"2025-09-23T03:31:16","guid":{"rendered":"https:\/\/mcae.gov.tl\/?p=3782"},"modified":"2025-09-25T16:09:13","modified_gmt":"2025-09-25T07:09:13","slug":"vice-primeiro-ministro-acompanha-pr-e-pm-em-jantar-com-o-primeiro-ministro-da-malasia","status":"publish","type":"post","link":"https:\/\/mcae.gov.tl\/pt-pt\/vice-primeiro-ministro-acompanha-pr-e-pm-em-jantar-com-o-primeiro-ministro-da-malasia\/","title":{"rendered":"Vice-Primeiro-Ministro acompanha PR e PM em jantar com o Primeiro-Ministro da Mal\u00e1sia"},"content":{"rendered":"\n<p>O Vice-Primeiro-Ministro, Ministro Coordenador dos Assuntos Econ\u00f3micos e Ministro do Turismo e do Ambiente, Dato\u2019 Seri Francisco Kalbuadi Lay, acompanhou o Presidente da Rep\u00fablica, Jos\u00e9 Ramos-Horta, e o Primeiro-Ministro, Kay Rala Xanana Gusm\u00e3o, no jantar com o Primeiro-Ministro da Mal\u00e1sia, Dato\u2019 Seri Anwar Ibrahim, realizado na sala Multiusos da GMN, em Bebora, D\u00edli, na noite de ter\u00e7a-feira, 23 de setembro de 2025.<\/p>\n","protected":false},"excerpt":{"rendered":"<p>O Vice-Primeiro-Ministro, Ministro Coordenador dos Assuntos Econ\u00f3micos e Ministro do Turismo e do Ambiente, Dato\u2019 Seri Francisco Kalbuadi Lay, acompanhou&#8230;<\/p>\n","protected":false},"author":3,"featured_media":3669,"comment_status":"closed","ping_status":"open","sticky":false,"template":"","format":"standard","meta":{"om_disable_all_campaigns":false,"_monsterinsights_skip_tracking":false,"_monsterinsights_sitenote_active":false,"_monsterinsights_sitenote_note":"","_monsterinsights_sitenote_category":0,"ultp_fs_post_author":"","ultp_fs_post_email":"","ultp_fs_post_author_url":"","footnotes":""},"categories":[124,120],"tags":[],"class_list":["post-3782","post","type-post","status-publish","format-standard","has-post-thumbnail","hentry","category-nacional","category-noticias"],"_links":{"self":[{"href":"https:\/\/mcae.gov.tl\/pt-pt\/wp-json\/wp\/v2\/posts\/3782","targetHints":{"allow":["GET"]}}],"collection":[{"href":"https:\/\/mcae.gov.tl\/pt-pt\/wp-json\/wp\/v2\/posts"}],"about":[{"href":"https:\/\/mcae.gov.tl\/pt-pt\/wp-json\/wp\/v2\/types\/post"}],"author":[{"embeddable":true,"href":"https:\/\/mcae.gov.tl\/pt-pt\/wp-json\/wp\/v2\/users\/3"}],"replies":[{"embeddable":true,"href":"https:\/\/mcae.gov.tl\/pt-pt\/wp-json\/wp\/v2\/comments?post=3782"}],"version-history":[{"count":2,"href":"https:\/\/mcae.gov.tl\/pt-pt\/wp-json\/wp\/v2\/posts\/3782\/revisions"}],"predecessor-version":[{"id":3891,"href":"https:\/\/mcae.gov.tl\/pt-pt\/wp-json\/wp\/v2\/posts\/3782\/revisions\/3891"}],"wp:featuredmedia":[{"embeddable":true,"href":"https:\/\/mcae.gov.tl\/pt-pt\/wp-json\/wp\/v2\/media\/3669"}],"wp:attachment":[{"href":"https:\/\/mcae.gov.tl\/pt-pt\/wp-json\/wp\/v2\/media?parent=3782"}],"wp:term":[{"taxonomy":"category","embeddable":true,"href":"https:\/\/mcae.gov.tl\/pt-pt\/wp-json\/wp\/v2\/categories?post=3782"},{"taxonomy":"post_tag","embeddable":true,"href":"https:\/\/mcae.gov.tl\/pt-pt\/wp-json\/wp\/v2\/tags?post=3782"}],"curies":[{"name":"wp","href":"https:\/\/api.w.org\/{rel}","templated":true}]}}