{"id":2354,"date":"2025-08-15T09:32:41","date_gmt":"2025-08-15T00:32:41","guid":{"rendered":"https:\/\/mcae.gov.tl\/?p=2354"},"modified":"2025-11-07T16:19:09","modified_gmt":"2025-11-07T07:19:09","slug":"cerimonia-de-transferencia-de-cargo-de-diretor-e-chefe-de-departamento-do-iade-2025","status":"publish","type":"post","link":"https:\/\/mcae.gov.tl\/pt-pt\/cerimonia-de-transferencia-de-cargo-de-diretor-e-chefe-de-departamento-do-iade-2025\/","title":{"rendered":"Cerim\u00f3nia de Passagem de Fun\u00e7\u00f5es do Diretor e Chefes de Departamento do IADEAgosto de 2025 | IADE, Bebora, D\u00edli"},"content":{"rendered":"\n<p>O Gabinete do Vice-Primeiro-Ministro e o Ministro Coordenador dos Assuntos Econ\u00f3micos, atrav\u00e9s do Coordenador-Geral Jorge Rui de Carvalho Martins, participou na Cerim\u00f3nia de Passagem de Fun\u00e7\u00f5es do Diretor e Chefes de Departamento do IADE.<\/p>\n\n\n\n<p><br>Na sua interven\u00e7\u00e3o, o Coordenador-Geral salientou que o cargo p\u00fablico n\u00e3o \u00e9 apenas uma fun\u00e7\u00e3o burocr\u00e1tica, mas uma responsabilidade significativa para traduzir pol\u00edticas em a\u00e7\u00f5es concretas que beneficiem o povo. Sublinhou que o profissionalismo e a integridade s\u00e3o a base de um verdadeiro servi\u00e7o p\u00fablico \u2014 n\u00e3o apenas um t\u00edtulo ou posi\u00e7\u00e3o, mas uma forma de tratar todos com justi\u00e7a e dignidade.<br>Expressou tamb\u00e9m o seu apre\u00e7o pelos dirigentes que conclu\u00edram o seu mandato, refor\u00e7ando que este n\u00e3o representa o fim das suas responsabilidades, mas sim o in\u00edcio de uma nova etapa de trabalho ao servi\u00e7o da na\u00e7\u00e3o.<\/p>\n\n\n\n<p><br>Em nome do MCAE, o Coordenador-Geral manifestou a sua gratid\u00e3o pela dedica\u00e7\u00e3o, trabalho e contribui\u00e7\u00e3o de toda a equipa do IADE, que tem fortalecido a institui\u00e7\u00e3o at\u00e9 \u00e0 data. Apelou a todas as partes para que permane\u00e7am comprometidas em trabalhar com honestidade e entusiasmo, para o progresso da na\u00e7\u00e3o e o bem-estar do povo.<br>Media MCAE<\/p>\n","protected":false},"excerpt":{"rendered":"<p>O Gabinete do Vice-Primeiro-Ministro e o Ministro Coordenador dos Assuntos Econ\u00f3micos, atrav\u00e9s do Coordenador-Geral Jorge Rui de Carvalho Martins, participou&#8230;<\/p>\n","protected":false},"author":3,"featured_media":2342,"comment_status":"open","ping_status":"open","sticky":false,"template":"","format":"standard","meta":{"om_disable_all_campaigns":false,"_monsterinsights_skip_tracking":false,"_monsterinsights_sitenote_active":false,"_monsterinsights_sitenote_note":"","_monsterinsights_sitenote_category":0,"ultp_fs_post_author":"","ultp_fs_post_email":"","ultp_fs_post_author_url":"","footnotes":""},"categories":[118],"tags":[],"class_list":["post-2354","post","type-post","status-publish","format-standard","has-post-thumbnail","hentry","category-comunicados"],"_links":{"self":[{"href":"https:\/\/mcae.gov.tl\/pt-pt\/wp-json\/wp\/v2\/posts\/2354","targetHints":{"allow":["GET"]}}],"collection":[{"href":"https:\/\/mcae.gov.tl\/pt-pt\/wp-json\/wp\/v2\/posts"}],"about":[{"href":"https:\/\/mcae.gov.tl\/pt-pt\/wp-json\/wp\/v2\/types\/post"}],"author":[{"embeddable":true,"href":"https:\/\/mcae.gov.tl\/pt-pt\/wp-json\/wp\/v2\/users\/3"}],"replies":[{"embeddable":true,"href":"https:\/\/mcae.gov.tl\/pt-pt\/wp-json\/wp\/v2\/comments?post=2354"}],"version-history":[{"count":4,"href":"https:\/\/mcae.gov.tl\/pt-pt\/wp-json\/wp\/v2\/posts\/2354\/revisions"}],"predecessor-version":[{"id":4178,"href":"https:\/\/mcae.gov.tl\/pt-pt\/wp-json\/wp\/v2\/posts\/2354\/revisions\/4178"}],"wp:featuredmedia":[{"embeddable":true,"href":"https:\/\/mcae.gov.tl\/pt-pt\/wp-json\/wp\/v2\/media\/2342"}],"wp:attachment":[{"href":"https:\/\/mcae.gov.tl\/pt-pt\/wp-json\/wp\/v2\/media?parent=2354"}],"wp:term":[{"taxonomy":"category","embeddable":true,"href":"https:\/\/mcae.gov.tl\/pt-pt\/wp-json\/wp\/v2\/categories?post=2354"},{"taxonomy":"post_tag","embeddable":true,"href":"https:\/\/mcae.gov.tl\/pt-pt\/wp-json\/wp\/v2\/tags?post=2354"}],"curies":[{"name":"wp","href":"https:\/\/api.w.org\/{rel}","templated":true}]}}