{"id":1960,"date":"2025-05-26T16:08:00","date_gmt":"2025-05-26T07:08:00","guid":{"rendered":"https:\/\/testing17.apps.gov.tl\/pm-malazia-ofisialmente-loke-simeira-asean-ba-dala-46-data-dia-26-de-maiu-de-2025\/"},"modified":"2025-07-04T16:20:11","modified_gmt":"2025-07-04T07:20:11","slug":"pm-malazia-ofisialmente-loke-simeira-asean-ba-dala-46-data-dia-26-de-maiu-de-2025","status":"publish","type":"post","link":"https:\/\/mcae.gov.tl\/pt-pt\/pm-malazia-ofisialmente-loke-simeira-asean-ba-dala-46-data-dia-26-de-maiu-de-2025\/","title":{"rendered":"O Primeiro-Ministro da Mal\u00e1sia abriu oficialmente a 46.\u00aa Cimeira da ASEAN."},"content":{"rendered":"\n<p>O Vice-Primeiro-Ministro (V-PM), Ministro Coordenador dos Assuntos Econ\u00f3micos (MCAE) e Ministro do Turismo e Ambiente (MTA), Francisco Kalbuadi Lay, acompanhou o Primeiro-Ministro (PM) de Timor-Leste, Kay Rala Xanana Gusm\u00e3o, para participar na 46.\u00aa Cimeira da ASEAN, que se realiza em Kuala Lumpur, Mal\u00e1sia, oficialmente inaugurada e presidida pelo Primeiro-Ministro da Mal\u00e1sia, YAB Dato&#8217; Seri Anwar bin Ibrahim.<\/p>\n\n\n\n<p>A Cimeira contou tamb\u00e9m com a participa\u00e7\u00e3o do Ministro dos Neg\u00f3cios Estrangeiros e Coopera\u00e7\u00e3o (MNEC), Bendito Freitas, da Vice-Ministra dos Assuntos da ASEAN, Milena Maria da Costa Rangel, do Vice-Ministro do Com\u00e9rcio e Ind\u00fastria (V-MCI), Augusto J\u00fanior Trindade, e do Vice-Ministro dos Assuntos Parlamentares (V-MAP), Aderito Hugo.<\/p>\n\n\n\n<p>Participaram os 10 pa\u00edses-membros da ASEAN, nomeadamente:<\/p>\n\n\n\n<ul class=\"wp-block-list\">\n<li>Brunei Darussalam<\/li>\n\n\n\n<li>Camboja<\/li>\n\n\n\n<li>Indon\u00e9sia<\/li>\n\n\n\n<li>Laos<\/li>\n\n\n\n<li>Mal\u00e1sia<\/li>\n\n\n\n<li>Myanmar<\/li>\n\n\n\n<li>Filipinas<\/li>\n\n\n\n<li>Singapura<\/li>\n\n\n\n<li>Tail\u00e2ndia<\/li>\n\n\n\n<li>Vietname<\/li>\n<\/ul>\n\n\n\n<p>Al\u00e9m disso, Timor-Leste aguarda a sua ades\u00e3o como 11.\u00ba membro da ASEAN at\u00e9 ao final de 2025, ap\u00f3s ter quase conclu\u00eddo o processo de integra\u00e7\u00e3o.<\/p>\n\n\n\n<p><\/p>\n","protected":false},"excerpt":{"rendered":"<p>O Vice-Primeiro-Ministro (V-PM), Ministro Coordenador dos Assuntos Econ\u00f3micos (MCAE) e Ministro do Turismo e Ambiente (MTA), Francisco Kalbuadi Lay, acompanhou&#8230;<\/p>\n","protected":false},"author":3,"featured_media":1957,"comment_status":"open","ping_status":"open","sticky":false,"template":"","format":"standard","meta":{"om_disable_all_campaigns":false,"_monsterinsights_skip_tracking":false,"_monsterinsights_sitenote_active":false,"_monsterinsights_sitenote_note":"","_monsterinsights_sitenote_category":0,"ultp_fs_post_author":"","ultp_fs_post_email":"","ultp_fs_post_author_url":"","footnotes":""},"categories":[122],"tags":[],"class_list":["post-1960","post","type-post","status-publish","format-standard","has-post-thumbnail","hentry","category-internacional"],"_links":{"self":[{"href":"https:\/\/mcae.gov.tl\/pt-pt\/wp-json\/wp\/v2\/posts\/1960","targetHints":{"allow":["GET"]}}],"collection":[{"href":"https:\/\/mcae.gov.tl\/pt-pt\/wp-json\/wp\/v2\/posts"}],"about":[{"href":"https:\/\/mcae.gov.tl\/pt-pt\/wp-json\/wp\/v2\/types\/post"}],"author":[{"embeddable":true,"href":"https:\/\/mcae.gov.tl\/pt-pt\/wp-json\/wp\/v2\/users\/3"}],"replies":[{"embeddable":true,"href":"https:\/\/mcae.gov.tl\/pt-pt\/wp-json\/wp\/v2\/comments?post=1960"}],"version-history":[{"count":2,"href":"https:\/\/mcae.gov.tl\/pt-pt\/wp-json\/wp\/v2\/posts\/1960\/revisions"}],"predecessor-version":[{"id":1967,"href":"https:\/\/mcae.gov.tl\/pt-pt\/wp-json\/wp\/v2\/posts\/1960\/revisions\/1967"}],"wp:featuredmedia":[{"embeddable":true,"href":"https:\/\/mcae.gov.tl\/pt-pt\/wp-json\/wp\/v2\/media\/1957"}],"wp:attachment":[{"href":"https:\/\/mcae.gov.tl\/pt-pt\/wp-json\/wp\/v2\/media?parent=1960"}],"wp:term":[{"taxonomy":"category","embeddable":true,"href":"https:\/\/mcae.gov.tl\/pt-pt\/wp-json\/wp\/v2\/categories?post=1960"},{"taxonomy":"post_tag","embeddable":true,"href":"https:\/\/mcae.gov.tl\/pt-pt\/wp-json\/wp\/v2\/tags?post=1960"}],"curies":[{"name":"wp","href":"https:\/\/api.w.org\/{rel}","templated":true}]}}