{"id":1880,"date":"2025-05-05T13:10:00","date_gmt":"2025-05-05T04:10:00","guid":{"rendered":"https:\/\/testing17.apps.gov.tl\/vise-pm-mcae-no-mta-simu-vizita-kortezia-enkaregadu-negosiu-ka-offisial-seguransa-rejional-chasen-peabody\/"},"modified":"2025-07-04T21:48:50","modified_gmt":"2025-07-04T12:48:50","slug":"vise-pm-mcae-no-mta-simu-vizita-kortezia-enkaregadu-negosiu-ka-offisial-seguransa-rejional-chasen-peabody","status":"publish","type":"post","link":"https:\/\/mcae.gov.tl\/pt-pt\/vise-pm-mcae-no-mta-simu-vizita-kortezia-enkaregadu-negosiu-ka-offisial-seguransa-rejional-chasen-peabody\/","title":{"rendered":"Vice-Primeiro-Ministro, MCAE e MTA Recebem Visita de Cortesia do Encarregado de Neg\u00f3cios ou Oficial Regional de Seguran\u00e7a Chasen Peabody"},"content":{"rendered":"\n<p>O Vice-Primeiro-Ministro (PM) e Ministro Coordenador dos Assuntos Econ\u00f3micos (MCAE) e Ministro do Turismo e Ambiente (MTA), Francisco Kalbuadi Lay, recebeu uma visita de cortesia do Oficial de Seguran\u00e7a Regional Chasen Peabody, Sr. Christopher Morehouse, que \u00e9 tamb\u00e9m Ministro dos Assuntos Econ\u00f3micos e do Ambiente. Embaixada dos Estados Unidos da Am\u00e9rica (EUA), em Farol-Dili, recebeu uma visita de cortesia para a reuni\u00e3o para discutir os mecanismos que o Governo pode adoptar para garantir a circula\u00e7\u00e3o de produtos av\u00edcolas dos EUA para as lojas de retalho em Timor-Leste, uma vez que os Estados Unidos da Am\u00e9rica planeiam aumentar as importa\u00e7\u00f5es de aves de boa qualidade, refor\u00e7ando assim a seguran\u00e7a alimentar em Timor-Leste.<\/p>\n\n\n\n<p><br>A Embaixada em Timor-Leste manifestou ainda preocupa\u00e7\u00e3o com o processo de documenta\u00e7\u00e3o no porto, nomeadamente com a documenta\u00e7\u00e3o para contentores que est\u00e3o limitados a importar mais de 5 ou mesmo 30, e solicitou ainda a melhoria do processo de licenciamento na parte da importa\u00e7\u00e3o, de forma a aumentar o tempo, de forma a n\u00e3o danificar os produtos.<\/p>\n\n\n\n<p><strong>Fonte: Media V-PM e MCAE<\/strong><\/p>\n\n\n\n<p><\/p>\n","protected":false},"excerpt":{"rendered":"<p>O Vice-Primeiro-Ministro (PM) e Ministro Coordenador dos Assuntos Econ\u00f3micos (MCAE) e Ministro do Turismo e Ambiente (MTA), Francisco Kalbuadi Lay,&#8230;<\/p>\n","protected":false},"author":1,"featured_media":1129,"comment_status":"open","ping_status":"open","sticky":false,"template":"","format":"standard","meta":{"om_disable_all_campaigns":false,"_monsterinsights_skip_tracking":false,"_monsterinsights_sitenote_active":false,"_monsterinsights_sitenote_note":"","_monsterinsights_sitenote_category":0,"ultp_fs_post_author":"","ultp_fs_post_email":"","ultp_fs_post_author_url":"","footnotes":""},"categories":[118],"tags":[],"class_list":["post-1880","post","type-post","status-publish","format-standard","has-post-thumbnail","hentry","category-comunicados"],"_links":{"self":[{"href":"https:\/\/mcae.gov.tl\/pt-pt\/wp-json\/wp\/v2\/posts\/1880","targetHints":{"allow":["GET"]}}],"collection":[{"href":"https:\/\/mcae.gov.tl\/pt-pt\/wp-json\/wp\/v2\/posts"}],"about":[{"href":"https:\/\/mcae.gov.tl\/pt-pt\/wp-json\/wp\/v2\/types\/post"}],"author":[{"embeddable":true,"href":"https:\/\/mcae.gov.tl\/pt-pt\/wp-json\/wp\/v2\/users\/1"}],"replies":[{"embeddable":true,"href":"https:\/\/mcae.gov.tl\/pt-pt\/wp-json\/wp\/v2\/comments?post=1880"}],"version-history":[{"count":1,"href":"https:\/\/mcae.gov.tl\/pt-pt\/wp-json\/wp\/v2\/posts\/1880\/revisions"}],"predecessor-version":[{"id":1994,"href":"https:\/\/mcae.gov.tl\/pt-pt\/wp-json\/wp\/v2\/posts\/1880\/revisions\/1994"}],"wp:featuredmedia":[{"embeddable":true,"href":"https:\/\/mcae.gov.tl\/pt-pt\/wp-json\/wp\/v2\/media\/1129"}],"wp:attachment":[{"href":"https:\/\/mcae.gov.tl\/pt-pt\/wp-json\/wp\/v2\/media?parent=1880"}],"wp:term":[{"taxonomy":"category","embeddable":true,"href":"https:\/\/mcae.gov.tl\/pt-pt\/wp-json\/wp\/v2\/categories?post=1880"},{"taxonomy":"post_tag","embeddable":true,"href":"https:\/\/mcae.gov.tl\/pt-pt\/wp-json\/wp\/v2\/tags?post=1880"}],"curies":[{"name":"wp","href":"https:\/\/api.w.org\/{rel}","templated":true}]}}