{"id":1878,"date":"2025-06-02T12:07:00","date_gmt":"2025-06-02T03:07:00","guid":{"rendered":"https:\/\/testing17.apps.gov.tl\/vise-pm-mcae-no-mta-francisco-kalbuadi-lay-abertura-seminariu-tribunal-permanente-ba-arbitrajen\/"},"modified":"2025-11-07T16:39:38","modified_gmt":"2025-11-07T07:39:38","slug":"vise-pm-mcae-no-mta-francisco-kalbuadi-lay-abertura-seminariu-tribunal-permanente-ba-arbitrajen","status":"publish","type":"post","link":"https:\/\/mcae.gov.tl\/pt-pt\/vise-pm-mcae-no-mta-francisco-kalbuadi-lay-abertura-seminariu-tribunal-permanente-ba-arbitrajen\/","title":{"rendered":"O Vice-Primeiro-Ministro, Ministro Coordenador dos Assuntos Econ\u00f3micos e Ministro do Turismo e Ambiente, Francisco Kalbuadi Lay, inaugura Semin\u00e1rio sobre a Corte Permanente de Arbitragem"},"content":{"rendered":"\n<p>O semin\u00e1rio contou com dois oradores principais da PCA, Garth Schofield e Martin Doe, e foi assistido pelo Presidente e Ju\u00edzes do Tribunal de Recurso, pelo Juiz Distrital, Procuradores, advogados e defensores p\u00fablicos.<br>Na sua interven\u00e7\u00e3o, o Vice-Primeiro-Ministro afirmou que a ades\u00e3o de Timor-Leste como 123.\u00ba membro da PCA em 2024 demonstra o compromisso do pa\u00eds com a ordem jur\u00eddica internacional e com a resolu\u00e7\u00e3o pac\u00edfica de lit\u00edgios. Sublinhou tamb\u00e9m que este passo complementa a ades\u00e3o de Timor-Leste \u00e0 OMC e os esfor\u00e7os de integra\u00e7\u00e3o na ASEAN.<br>A participa\u00e7\u00e3o de Timor-Leste na PCA refor\u00e7a a confian\u00e7a internacional no pa\u00eds e disponibiliza mecanismos de resolu\u00e7\u00e3o de lit\u00edgios para Estados, organiza\u00e7\u00f5es internacionais e setor privado atrav\u00e9s de arbitragem, media\u00e7\u00e3o e verifica\u00e7\u00e3o.<\/p>\n\n\n\n<p><br>O semin\u00e1rio teve como objetivo aprofundar a compreens\u00e3o das institui\u00e7\u00f5es governamentais, do poder judicial e do setor empresarial sobre a resolu\u00e7\u00e3o de lit\u00edgios internacionais e sobre o papel da PCA no apoio \u00e0 harmoniza\u00e7\u00e3o jur\u00eddica.<br>O Vice-Primeiro-Ministro expressou tamb\u00e9m o seu apre\u00e7o \u00e0 PCA, ao Minist\u00e9rio da Justi\u00e7a, ao Minist\u00e9rio dos Neg\u00f3cios Estrangeiros e Coopera\u00e7\u00e3o e ao Gabinete do Primeiro-Ministro pela organiza\u00e7\u00e3o deste importante evento.<br>Media MCAE<\/p>\n","protected":false},"excerpt":{"rendered":"<p>O semin\u00e1rio contou com dois oradores principais da PCA, Garth Schofield e Martin Doe, e foi assistido pelo Presidente e&#8230;<\/p>\n","protected":false},"author":1,"featured_media":1078,"comment_status":"open","ping_status":"open","sticky":false,"template":"","format":"standard","meta":{"om_disable_all_campaigns":false,"_monsterinsights_skip_tracking":false,"_monsterinsights_sitenote_active":false,"_monsterinsights_sitenote_note":"","_monsterinsights_sitenote_category":0,"ultp_fs_post_author":"","ultp_fs_post_email":"","ultp_fs_post_author_url":"","footnotes":""},"categories":[114,118],"tags":[],"class_list":["post-1878","post","type-post","status-publish","format-standard","has-post-thumbnail","hentry","category-anuncios","category-comunicados"],"_links":{"self":[{"href":"https:\/\/mcae.gov.tl\/pt-pt\/wp-json\/wp\/v2\/posts\/1878","targetHints":{"allow":["GET"]}}],"collection":[{"href":"https:\/\/mcae.gov.tl\/pt-pt\/wp-json\/wp\/v2\/posts"}],"about":[{"href":"https:\/\/mcae.gov.tl\/pt-pt\/wp-json\/wp\/v2\/types\/post"}],"author":[{"embeddable":true,"href":"https:\/\/mcae.gov.tl\/pt-pt\/wp-json\/wp\/v2\/users\/1"}],"replies":[{"embeddable":true,"href":"https:\/\/mcae.gov.tl\/pt-pt\/wp-json\/wp\/v2\/comments?post=1878"}],"version-history":[{"count":2,"href":"https:\/\/mcae.gov.tl\/pt-pt\/wp-json\/wp\/v2\/posts\/1878\/revisions"}],"predecessor-version":[{"id":4189,"href":"https:\/\/mcae.gov.tl\/pt-pt\/wp-json\/wp\/v2\/posts\/1878\/revisions\/4189"}],"wp:featuredmedia":[{"embeddable":true,"href":"https:\/\/mcae.gov.tl\/pt-pt\/wp-json\/wp\/v2\/media\/1078"}],"wp:attachment":[{"href":"https:\/\/mcae.gov.tl\/pt-pt\/wp-json\/wp\/v2\/media?parent=1878"}],"wp:term":[{"taxonomy":"category","embeddable":true,"href":"https:\/\/mcae.gov.tl\/pt-pt\/wp-json\/wp\/v2\/categories?post=1878"},{"taxonomy":"post_tag","embeddable":true,"href":"https:\/\/mcae.gov.tl\/pt-pt\/wp-json\/wp\/v2\/tags?post=1878"}],"curies":[{"name":"wp","href":"https:\/\/api.w.org\/{rel}","templated":true}]}}